{"id":972,"date":"2019-03-04T17:33:44","date_gmt":"2019-03-04T17:33:44","guid":{"rendered":"http:\/\/xilotl.org.mx\/wp1\/?p=972"},"modified":"2019-03-06T21:31:28","modified_gmt":"2019-03-06T21:31:28","slug":"taller-de-monitoreo-las-tunas-cuba","status":"publish","type":"post","link":"http:\/\/xilotl.org.mx\/wp1\/taller-de-monitoreo-las-tunas-cuba\/","title":{"rendered":"Taller de Monitoreo: Las Tunas (Cuba)"},"content":{"rendered":"\n<div class=\"wp-block-columns has-2-columns is-layout-flex wp-container-core-columns-is-layout-1 wp-block-columns-is-layout-flex\">\n<div class=\"wp-block-column is-layout-flow wp-block-column-is-layout-flow\">\n<div class=\"wp-block-image\"><figure class=\"aligncenter is-resized\"><img loading=\"lazy\" decoding=\"async\" src=\"http:\/\/xilotl.org.mx\/wp1\/wp-content\/uploads\/2019\/03\/WhatsApp-Image-2019-02-21-at-05.43.24-300x225.jpeg\" alt=\"\" class=\"wp-image-977\" width=\"367\" height=\"275\" srcset=\"http:\/\/xilotl.org.mx\/wp1\/wp-content\/uploads\/2019\/03\/WhatsApp-Image-2019-02-21-at-05.43.24-300x225.jpeg 300w, http:\/\/xilotl.org.mx\/wp1\/wp-content\/uploads\/2019\/03\/WhatsApp-Image-2019-02-21-at-05.43.24-768x576.jpeg 768w, http:\/\/xilotl.org.mx\/wp1\/wp-content\/uploads\/2019\/03\/WhatsApp-Image-2019-02-21-at-05.43.24-1024x768.jpeg 1024w, http:\/\/xilotl.org.mx\/wp1\/wp-content\/uploads\/2019\/03\/WhatsApp-Image-2019-02-21-at-05.43.24-667x500.jpeg 667w, http:\/\/xilotl.org.mx\/wp1\/wp-content\/uploads\/2019\/03\/WhatsApp-Image-2019-02-21-at-05.43.24.jpeg 1032w\" sizes=\"(max-width: 367px) 100vw, 367px\" \/><figcaption><br><br><\/figcaption><\/figure><\/div>\n\n\n\n<div class=\"wp-block-image\"><figure class=\"aligncenter is-resized\"><img loading=\"lazy\" decoding=\"async\" src=\"http:\/\/xilotl.org.mx\/wp1\/wp-content\/uploads\/2019\/03\/WhatsApp-Image-2019-02-21-at-05.43.47-2-300x225.jpeg\" alt=\"\" class=\"wp-image-987\" width=\"365\" height=\"274\" srcset=\"http:\/\/xilotl.org.mx\/wp1\/wp-content\/uploads\/2019\/03\/WhatsApp-Image-2019-02-21-at-05.43.47-2-300x225.jpeg 300w, http:\/\/xilotl.org.mx\/wp1\/wp-content\/uploads\/2019\/03\/WhatsApp-Image-2019-02-21-at-05.43.47-2-768x576.jpeg 768w, http:\/\/xilotl.org.mx\/wp1\/wp-content\/uploads\/2019\/03\/WhatsApp-Image-2019-02-21-at-05.43.47-2-1024x768.jpeg 1024w, http:\/\/xilotl.org.mx\/wp1\/wp-content\/uploads\/2019\/03\/WhatsApp-Image-2019-02-21-at-05.43.47-2-667x500.jpeg 667w, http:\/\/xilotl.org.mx\/wp1\/wp-content\/uploads\/2019\/03\/WhatsApp-Image-2019-02-21-at-05.43.47-2.jpeg 1032w\" sizes=\"(max-width: 365px) 100vw, 365px\" \/><\/figure><\/div>\n<\/div>\n\n\n\n<div class=\"wp-block-column is-layout-flow wp-block-column-is-layout-flow\">\n<p style=\"text-align:justify\"> <br>Dentro de los servicios que presta Xilotl A.C. se ofrecen talleres y consultor\u00edas para el fortalecimiento institucional y para la planeaci\u00f3n estrat\u00e9gica y operativa, monitoreo y evaluaci\u00f3n de impactos a trav\u00e9s de la valoraci\u00f3n participativa de los efectos de un proyecto.  <\/p>\n\n\n\n<p style=\"text-align:justify\">A trav\u00e9s de las capacitaciones y talleres se busca brindar a las organizaciones, conocimientos te\u00f3ricos y habilidades metodol\u00f3gicas para el dise\u00f1o de un sistema de monitoreo y evaluaci\u00f3n articulados a su plan estrat\u00e9gico, plan operativo y proyecto, as\u00ed como las herramientas para formular formatos de identificaci\u00f3n de actores claves.<\/p>\n\n\n\n<p style=\"text-align:justify\">Las im\u00e1genes nos muestran un poco de las actividades que se llevaron a cabo los d\u00edas 19 y 20 de Febrero de 2019, en el taller  de monitoreo en Tunas, Cuba, se realiz\u00f3 en con la organizaci\u00f3n CIERIC.<\/p>\n\n\n\n<p style=\"text-align:justify\"> CERIC un centro de car\u00e1cter asociativo, sin fines de lucro, fundado el 23 de octubre de 1991. Vinculado a la Uni\u00f3n de Escritores y Artistas de Cuba, inscrito en la Notar\u00eda Especial del Ministerio de Justicia con escritura legal 697-91 y con Acta de protocolizaci\u00f3n 2674 del 2000. Aut\u00f3nomo en cuanto al manejo institucional, la gesti\u00f3n econ\u00f3mica y la administraci\u00f3n de recursos.  <\/p>\n<\/div>\n<\/div>\n\n\n\n<div class=\"wp-block-image\"><figure class=\"aligncenter\"><img loading=\"lazy\" decoding=\"async\" width=\"1024\" height=\"500\" src=\"http:\/\/xilotl.org.mx\/wp1\/wp-content\/uploads\/2019\/03\/destacada-1024x500.png\" alt=\"\" class=\"wp-image-1206\" srcset=\"http:\/\/xilotl.org.mx\/wp1\/wp-content\/uploads\/2019\/03\/destacada.png 1024w, http:\/\/xilotl.org.mx\/wp1\/wp-content\/uploads\/2019\/03\/destacada-300x146.png 300w, http:\/\/xilotl.org.mx\/wp1\/wp-content\/uploads\/2019\/03\/destacada-768x375.png 768w, http:\/\/xilotl.org.mx\/wp1\/wp-content\/uploads\/2019\/03\/destacada-615x300.png 615w\" sizes=\"(max-width: 1024px) 100vw, 1024px\" \/><figcaption>Asesora e integrantes de CIERIC<\/figcaption><\/figure><\/div>\n","protected":false},"excerpt":{"rendered":"<p>Dentro de los servicios que presta Xilotl A.C. se ofrecen talleres y consultor\u00edas para el fortalecimiento institucional y para la planeaci\u00f3n estrat\u00e9gica y operativa, monitoreo y evaluaci\u00f3n de impactos a trav\u00e9s de la valoraci\u00f3n participativa de los efectos de un proyecto. A trav\u00e9s de las capacitaciones y talleres se busca brindar a las organizaciones, conocimientos &hellip;<\/p>\n<p class=\"read-more\"> <a class=\"\" href=\"http:\/\/xilotl.org.mx\/wp1\/taller-de-monitoreo-las-tunas-cuba\/\"> <span class=\"screen-reader-text\">Taller de Monitoreo: Las Tunas (Cuba)<\/span> Leer m\u00e1s &raquo;<\/a><\/p>\n","protected":false},"author":3,"featured_media":1220,"comment_status":"open","ping_status":"closed","sticky":false,"template":"","format":"standard","meta":{"site-sidebar-layout":"default","site-content-layout":"default","ast-global-header-display":"","ast-main-header-display":"","ast-hfb-above-header-display":"","ast-hfb-below-header-display":"","ast-hfb-mobile-header-display":"","site-post-title":"","ast-breadcrumbs-content":"","ast-featured-img":"","footer-sml-layout":"","theme-transparent-header-meta":"","adv-header-id-meta":"","stick-header-meta":"","header-above-stick-meta":"","header-main-stick-meta":"","header-below-stick-meta":"","footnotes":""},"categories":[19,1],"tags":[],"class_list":["post-972","post","type-post","status-publish","format-standard","has-post-thumbnail","hentry","category-asesoria-institucional","category-uncategorized"],"_links":{"self":[{"href":"http:\/\/xilotl.org.mx\/wp1\/wp-json\/wp\/v2\/posts\/972"}],"collection":[{"href":"http:\/\/xilotl.org.mx\/wp1\/wp-json\/wp\/v2\/posts"}],"about":[{"href":"http:\/\/xilotl.org.mx\/wp1\/wp-json\/wp\/v2\/types\/post"}],"author":[{"embeddable":true,"href":"http:\/\/xilotl.org.mx\/wp1\/wp-json\/wp\/v2\/users\/3"}],"replies":[{"embeddable":true,"href":"http:\/\/xilotl.org.mx\/wp1\/wp-json\/wp\/v2\/comments?post=972"}],"version-history":[{"count":14,"href":"http:\/\/xilotl.org.mx\/wp1\/wp-json\/wp\/v2\/posts\/972\/revisions"}],"predecessor-version":[{"id":1216,"href":"http:\/\/xilotl.org.mx\/wp1\/wp-json\/wp\/v2\/posts\/972\/revisions\/1216"}],"wp:featuredmedia":[{"embeddable":true,"href":"http:\/\/xilotl.org.mx\/wp1\/wp-json\/wp\/v2\/media\/1220"}],"wp:attachment":[{"href":"http:\/\/xilotl.org.mx\/wp1\/wp-json\/wp\/v2\/media?parent=972"}],"wp:term":[{"taxonomy":"category","embeddable":true,"href":"http:\/\/xilotl.org.mx\/wp1\/wp-json\/wp\/v2\/categories?post=972"},{"taxonomy":"post_tag","embeddable":true,"href":"http:\/\/xilotl.org.mx\/wp1\/wp-json\/wp\/v2\/tags?post=972"}],"curies":[{"name":"wp","href":"https:\/\/api.w.org\/{rel}","templated":true}]}}