{"id":615,"date":"2019-01-22T15:46:48","date_gmt":"2019-01-22T15:46:48","guid":{"rendered":"http:\/\/xilotl.org.mx\/wp1\/?p=615"},"modified":"2019-03-06T22:30:46","modified_gmt":"2019-03-06T22:30:46","slug":"derechos-humanos-para-el-buen-vivir","status":"publish","type":"post","link":"http:\/\/xilotl.org.mx\/wp1\/derechos-humanos-para-el-buen-vivir\/","title":{"rendered":"Derechos humanos para el buen vivir"},"content":{"rendered":"\n<p>Trabaja con grupos campesinos e ind\u00edgenas, promotores y sectores populares pobres y vulnerables, para la gesti\u00f3n de procesos que promuevan la exigibilidad de derechos a fin de garantizar una mejor relaci\u00f3n entre los diversos sectores de la sociedad y el Estado; mediante la formaci\u00f3n de sujetos activos de promoci\u00f3n y defensa en organizaciones, comunidades y diversos \u00e1mbitos, as\u00ed como la facilitaci\u00f3n de espacios de intercambio y reflexi\u00f3n en relaci\u00f3n con los derechos sobre la tierra, la justicia de g\u00e9nero y la participaci\u00f3n ciudadana. <\/p>\n\n\n\n<figure class=\"wp-block-image\"><img loading=\"lazy\" decoding=\"async\" width=\"1024\" height=\"584\" src=\"http:\/\/xilotl.org.mx\/wp1\/wp-content\/uploads\/2019\/02\/derechos-humanos-1024x584.png\" alt=\"\" class=\"wp-image-911\" srcset=\"http:\/\/xilotl.org.mx\/wp1\/wp-content\/uploads\/2019\/02\/derechos-humanos-1024x584.png 1024w, http:\/\/xilotl.org.mx\/wp1\/wp-content\/uploads\/2019\/02\/derechos-humanos-300x171.png 300w, http:\/\/xilotl.org.mx\/wp1\/wp-content\/uploads\/2019\/02\/derechos-humanos-768x438.png 768w, http:\/\/xilotl.org.mx\/wp1\/wp-content\/uploads\/2019\/02\/derechos-humanos-590x336.png 590w, http:\/\/xilotl.org.mx\/wp1\/wp-content\/uploads\/2019\/02\/derechos-humanos.png 1063w\" sizes=\"(max-width: 1024px) 100vw, 1024px\" \/><\/figure>\n","protected":false},"excerpt":{"rendered":"<p>Trabaja con grupos campesinos e ind\u00edgenas, promotores y sectores populares pobres y vulnerables, para la gesti\u00f3n de procesos que promuevan la exigibilidad de derechos a fin de garantizar una mejor relaci\u00f3n entre los diversos sectores de la sociedad y el Estado; mediante la formaci\u00f3n de sujetos activos de promoci\u00f3n y defensa en organizaciones, comunidades y &hellip;<\/p>\n<p class=\"read-more\"> <a class=\"\" href=\"http:\/\/xilotl.org.mx\/wp1\/derechos-humanos-para-el-buen-vivir\/\"> <span class=\"screen-reader-text\">Derechos humanos para el buen vivir<\/span> Leer m\u00e1s &raquo;<\/a><\/p>\n","protected":false},"author":3,"featured_media":1252,"comment_status":"closed","ping_status":"closed","sticky":false,"template":"","format":"standard","meta":{"site-sidebar-layout":"default","site-content-layout":"default","ast-global-header-display":"","ast-main-header-display":"","ast-hfb-above-header-display":"","ast-hfb-below-header-display":"","ast-hfb-mobile-header-display":"","site-post-title":"","ast-breadcrumbs-content":"","ast-featured-img":"","footer-sml-layout":"","theme-transparent-header-meta":"","adv-header-id-meta":"","stick-header-meta":"","header-above-stick-meta":"","header-main-stick-meta":"","header-below-stick-meta":"","footnotes":""},"categories":[10,3],"tags":[],"class_list":["post-615","post","type-post","status-publish","format-standard","has-post-thumbnail","hentry","category-areas-trabajo","category-derechos-humanos"],"_links":{"self":[{"href":"http:\/\/xilotl.org.mx\/wp1\/wp-json\/wp\/v2\/posts\/615"}],"collection":[{"href":"http:\/\/xilotl.org.mx\/wp1\/wp-json\/wp\/v2\/posts"}],"about":[{"href":"http:\/\/xilotl.org.mx\/wp1\/wp-json\/wp\/v2\/types\/post"}],"author":[{"embeddable":true,"href":"http:\/\/xilotl.org.mx\/wp1\/wp-json\/wp\/v2\/users\/3"}],"replies":[{"embeddable":true,"href":"http:\/\/xilotl.org.mx\/wp1\/wp-json\/wp\/v2\/comments?post=615"}],"version-history":[{"count":5,"href":"http:\/\/xilotl.org.mx\/wp1\/wp-json\/wp\/v2\/posts\/615\/revisions"}],"predecessor-version":[{"id":912,"href":"http:\/\/xilotl.org.mx\/wp1\/wp-json\/wp\/v2\/posts\/615\/revisions\/912"}],"wp:featuredmedia":[{"embeddable":true,"href":"http:\/\/xilotl.org.mx\/wp1\/wp-json\/wp\/v2\/media\/1252"}],"wp:attachment":[{"href":"http:\/\/xilotl.org.mx\/wp1\/wp-json\/wp\/v2\/media?parent=615"}],"wp:term":[{"taxonomy":"category","embeddable":true,"href":"http:\/\/xilotl.org.mx\/wp1\/wp-json\/wp\/v2\/categories?post=615"},{"taxonomy":"post_tag","embeddable":true,"href":"http:\/\/xilotl.org.mx\/wp1\/wp-json\/wp\/v2\/tags?post=615"}],"curies":[{"name":"wp","href":"https:\/\/api.w.org\/{rel}","templated":true}]}}