{"id":1382,"date":"2019-06-04T17:10:07","date_gmt":"2019-06-04T17:10:07","guid":{"rendered":"http:\/\/xilotl.org.mx\/wp1\/?p=1382"},"modified":"2022-08-22T09:02:04","modified_gmt":"2022-08-22T14:02:04","slug":"un-mundo-de-paz-por-nuestra-ninez","status":"publish","type":"post","link":"http:\/\/xilotl.org.mx\/wp1\/un-mundo-de-paz-por-nuestra-ninez\/","title":{"rendered":"UN MUNDO DE PAZ POR NUESTRA NI\u00d1EZ"},"content":{"rendered":"\t\t<div data-elementor-type=\"wp-post\" data-elementor-id=\"1382\" class=\"elementor elementor-1382\">\n\t\t\t\t\t\t\t\t\t<section class=\"elementor-section elementor-top-section elementor-element elementor-element-a8b3783 elementor-section-boxed elementor-section-height-default elementor-section-height-default\" data-id=\"a8b3783\" data-element_type=\"section\">\n\t\t\t\t\t\t<div class=\"elementor-container elementor-column-gap-default\">\n\t\t\t\t\t<div class=\"elementor-column elementor-col-100 elementor-top-column elementor-element elementor-element-87ce268\" data-id=\"87ce268\" data-element_type=\"column\">\n\t\t\t<div class=\"elementor-widget-wrap elementor-element-populated\">\n\t\t\t\t\t\t\t\t<div class=\"elementor-element elementor-element-034d4e9 elementor-widget elementor-widget-heading\" data-id=\"034d4e9\" data-element_type=\"widget\" data-widget_type=\"heading.default\">\n\t\t\t\t<div class=\"elementor-widget-container\">\n\t\t\t<style>\/*! elementor - v3.14.0 - 14-06-2023 *\/\n.elementor-heading-title{padding:0;margin:0;line-height:1}.elementor-widget-heading .elementor-heading-title[class*=elementor-size-]>a{color:inherit;font-size:inherit;line-height:inherit}.elementor-widget-heading .elementor-heading-title.elementor-size-small{font-size:15px}.elementor-widget-heading .elementor-heading-title.elementor-size-medium{font-size:19px}.elementor-widget-heading .elementor-heading-title.elementor-size-large{font-size:29px}.elementor-widget-heading .elementor-heading-title.elementor-size-xl{font-size:39px}.elementor-widget-heading .elementor-heading-title.elementor-size-xxl{font-size:59px}<\/style><h1 class=\"elementor-heading-title elementor-size-default\"><a href=\"http:\/\/xilotl.org.mx\/wp1\/un-mundo-de-paz-por-nuestra-ninez\/\">un mundo de paz por nuestra ni\u00f1ez<\/a><\/h1>\t\t<\/div>\n\t\t\t\t<\/div>\n\t\t\t\t\t<\/div>\n\t\t<\/div>\n\t\t\t\t\t\t\t<\/div>\n\t\t<\/section>\n\t\t\t\t<section class=\"elementor-section elementor-top-section elementor-element elementor-element-77d7270a elementor-section-boxed elementor-section-height-default elementor-section-height-default\" data-id=\"77d7270a\" data-element_type=\"section\">\n\t\t\t\t\t\t<div class=\"elementor-container elementor-column-gap-default\">\n\t\t\t\t\t<div class=\"elementor-column elementor-col-100 elementor-top-column elementor-element elementor-element-5a7e9c7e\" data-id=\"5a7e9c7e\" data-element_type=\"column\">\n\t\t\t<div class=\"elementor-widget-wrap elementor-element-populated\">\n\t\t\t\t\t\t\t\t<div class=\"elementor-element elementor-element-47919b88 elementor-widget elementor-widget-text-editor\" data-id=\"47919b88\" data-element_type=\"widget\" data-widget_type=\"text-editor.default\">\n\t\t\t\t<div class=\"elementor-widget-container\">\n\t\t\t<style>\/*! elementor - v3.14.0 - 14-06-2023 *\/\n.elementor-widget-text-editor.elementor-drop-cap-view-stacked .elementor-drop-cap{background-color:#69727d;color:#fff}.elementor-widget-text-editor.elementor-drop-cap-view-framed .elementor-drop-cap{color:#69727d;border:3px solid;background-color:transparent}.elementor-widget-text-editor:not(.elementor-drop-cap-view-default) .elementor-drop-cap{margin-top:8px}.elementor-widget-text-editor:not(.elementor-drop-cap-view-default) .elementor-drop-cap-letter{width:1em;height:1em}.elementor-widget-text-editor .elementor-drop-cap{float:left;text-align:center;line-height:1;font-size:50px}.elementor-widget-text-editor .elementor-drop-cap-letter{display:inline-block}<\/style>\t\t\t\t<!-- wp:paragraph {\"align\":\"right\"} -->\n<p class=\"has-text-align-right\">Amellalli Noemi Cruz Becerril<\/p>\n<!-- \/wp:paragraph -->\n\n<!-- wp:columns {\"className\":\"has-2-columns\"} -->\n<div class=\"wp-block-columns has-2-columns\"><!-- wp:column -->\n<div class=\"wp-block-column\"><!-- wp:image {\"id\":1384,\"width\":468,\"height\":306} -->\n<figure class=\"wp-block-image is-resized\"><img loading=\"lazy\" decoding=\"async\" src=\"http:\/\/xilotl.org.mx\/wp1\/wp-content\/uploads\/2019\/06\/IMG_0139-2-1024x670.jpg\" alt=\"\" class=\"wp-image-1384\" width=\"468\" height=\"306\" srcset=\"http:\/\/xilotl.org.mx\/wp1\/wp-content\/uploads\/2019\/06\/IMG_0139-2-1024x670.jpg 1024w, http:\/\/xilotl.org.mx\/wp1\/wp-content\/uploads\/2019\/06\/IMG_0139-2-300x196.jpg 300w, http:\/\/xilotl.org.mx\/wp1\/wp-content\/uploads\/2019\/06\/IMG_0139-2-768x503.jpg 768w, http:\/\/xilotl.org.mx\/wp1\/wp-content\/uploads\/2019\/06\/IMG_0139-2-615x403.jpg 615w\" sizes=\"(max-width: 468px) 100vw, 468px\" \/><\/figure>\n<!-- \/wp:image --><\/div>\n<!-- \/wp:column -->\n\n<!-- wp:column -->\n<div class=\"wp-block-column\"><!-- wp:paragraph -->\n<p>El 19 de agosto de 1982 la Organizaci\u00f3n de las Naciones Unidas decidi\u00f3 conmemorar el 4 de junio de cada a\u00f1o el D\u00eda Internacional de los Ni\u00f1os V\u00edctimas Inocentes de la Agresi\u00f3n, debido a la gran cantidad de ni\u00f1os palestinos y libaneses perjudicados en&nbsp; los actos de agresi\u00f3n en Israel. Este hecho marc\u00f3 la pauta en la lucha por mejorar la protecci\u00f3n de los ni\u00f1os y ni\u00f1as en situaci\u00f3n de conflicto.<\/p>\n<!-- \/wp:paragraph -->\n\n<!-- wp:paragraph -->\n<p>La necesidad de proteger a la ni\u00f1ez requiere de esfuerzos coordinados por parte de la comunidad internacional.  <\/p>\n<!-- \/wp:paragraph --><\/div>\n<!-- \/wp:column --><\/div>\n<!-- \/wp:columns -->\n\n<!-- wp:paragraph -->\n<p>Las violaciones a los derechos de las ni\u00f1as y ni\u00f1os se agravan en situaciones de guerra y conflictos armados puesto que son reclutados como soldados, son vulnerables a los ataques en hospitales y escuelas e incrementan los \u00edndices de homicidio, violencia sexual y secuestro.<\/p>\n<!-- \/wp:paragraph -->\n\n<!-- wp:paragraph -->\n<p>El desplazamiento de familias completas en b\u00fasqueda de una\nmejor calidad de vida y que huyen de la violencia es un fen\u00f3meno actual, la\nmigraci\u00f3n va dejando a su paso ni\u00f1as y ni\u00f1os indefensos que se enfrentan a las\nadversidades del mundo.<\/p>\n<!-- \/wp:paragraph -->\n\n<!-- wp:paragraph -->\n<p>El prop\u00f3sito de este d\u00eda es reconocer y acercarnos a la\nreflexi\u00f3n&nbsp; de que la ni\u00f1ez es v\u00edctima del\nmaltrato f\u00edsico, mental y emocional en cualquier parte del mundo. Tan solo en\nnuestro pa\u00eds las ni\u00f1as y ni\u00f1os adem\u00e1s de adolescentes ind\u00edgenas representan a\nla poblaci\u00f3n con mayores carencias y con mayores faltas a sus derechos.\n\nContribuyamos a la construcci\u00f3n de mejores\ncondiciones de vida para las y los ni\u00f1os, un\u00e1monos a la lucha para frenar todas\nlas formas de maltrato infantil.\n\n\n\n<\/p>\n<!-- \/wp:paragraph -->\n\n<!-- wp:spacer -->\n<div style=\"height:100px\" aria-hidden=\"true\" class=\"wp-block-spacer\"><\/div>\n<!-- \/wp:spacer -->\n\n<!-- wp:separator {\"className\":\"is-style-wide\"} -->\n<hr class=\"wp-block-separator is-style-wide\"\/>\n<!-- \/wp:separator -->\n\n<!-- wp:paragraph -->\n<p>Fuentes<\/p>\n<!-- \/wp:paragraph -->\n\n<!-- wp:paragraph -->\n<p>United Nations <a href=\"https:\/\/www.un.org\/es\/events\/childvictimday\/\">https:\/\/www.un.org\/es\/events\/childvictimday\/<\/a><br>United Nations <a href=\"https:\/\/www.un.org\/es\/events\/childvictimday\/background.shtml\">https:\/\/www.un.org\/es\/events\/childvictimday\/background.shtml<\/a><br>UNICEF M\u00e9xico <a href=\"https:\/\/www.unicef.org\/mexico\/spanish\/ninos_6904.html\">https:\/\/www.unicef.org\/mexico\/spanish\/ninos_6904.html<\/a><\/p>\n<!-- \/wp:paragraph -->\t\t\t\t\t\t<\/div>\n\t\t\t\t<\/div>\n\t\t\t\t\t<\/div>\n\t\t<\/div>\n\t\t\t\t\t\t\t<\/div>\n\t\t<\/section>\n\t\t\t\t\t\t\t<\/div>\n\t\t","protected":false},"excerpt":{"rendered":"<p>un mundo de paz por nuestra ni\u00f1ez Amellalli Noemi Cruz Becerril El 19 de agosto de 1982 la Organizaci\u00f3n de las Naciones Unidas decidi\u00f3 conmemorar el 4 de junio de cada a\u00f1o el D\u00eda Internacional de los Ni\u00f1os V\u00edctimas Inocentes de la Agresi\u00f3n, debido a la gran cantidad de ni\u00f1os palestinos y libaneses perjudicados en&nbsp; &hellip;<\/p>\n<p class=\"read-more\"> <a class=\"\" href=\"http:\/\/xilotl.org.mx\/wp1\/un-mundo-de-paz-por-nuestra-ninez\/\"> <span class=\"screen-reader-text\">UN MUNDO DE PAZ POR NUESTRA NI\u00d1EZ<\/span> Leer m\u00e1s &raquo;<\/a><\/p>\n","protected":false},"author":3,"featured_media":1384,"comment_status":"open","ping_status":"open","sticky":false,"template":"","format":"standard","meta":{"site-sidebar-layout":"default","site-content-layout":"default","ast-global-header-display":"","ast-main-header-display":"","ast-hfb-above-header-display":"","ast-hfb-below-header-display":"","ast-hfb-mobile-header-display":"","site-post-title":"disabled","ast-breadcrumbs-content":"","ast-featured-img":"","footer-sml-layout":"","theme-transparent-header-meta":"","adv-header-id-meta":"","stick-header-meta":"","header-above-stick-meta":"","header-main-stick-meta":"","header-below-stick-meta":"","footnotes":""},"categories":[23,3,1],"tags":[],"class_list":["post-1382","post","type-post","status-publish","format-standard","has-post-thumbnail","hentry","category-conmemorativos","category-derechos-humanos","category-uncategorized"],"_links":{"self":[{"href":"http:\/\/xilotl.org.mx\/wp1\/wp-json\/wp\/v2\/posts\/1382"}],"collection":[{"href":"http:\/\/xilotl.org.mx\/wp1\/wp-json\/wp\/v2\/posts"}],"about":[{"href":"http:\/\/xilotl.org.mx\/wp1\/wp-json\/wp\/v2\/types\/post"}],"author":[{"embeddable":true,"href":"http:\/\/xilotl.org.mx\/wp1\/wp-json\/wp\/v2\/users\/3"}],"replies":[{"embeddable":true,"href":"http:\/\/xilotl.org.mx\/wp1\/wp-json\/wp\/v2\/comments?post=1382"}],"version-history":[{"count":10,"href":"http:\/\/xilotl.org.mx\/wp1\/wp-json\/wp\/v2\/posts\/1382\/revisions"}],"predecessor-version":[{"id":6200,"href":"http:\/\/xilotl.org.mx\/wp1\/wp-json\/wp\/v2\/posts\/1382\/revisions\/6200"}],"wp:featuredmedia":[{"embeddable":true,"href":"http:\/\/xilotl.org.mx\/wp1\/wp-json\/wp\/v2\/media\/1384"}],"wp:attachment":[{"href":"http:\/\/xilotl.org.mx\/wp1\/wp-json\/wp\/v2\/media?parent=1382"}],"wp:term":[{"taxonomy":"category","embeddable":true,"href":"http:\/\/xilotl.org.mx\/wp1\/wp-json\/wp\/v2\/categories?post=1382"},{"taxonomy":"post_tag","embeddable":true,"href":"http:\/\/xilotl.org.mx\/wp1\/wp-json\/wp\/v2\/tags?post=1382"}],"curies":[{"name":"wp","href":"https:\/\/api.w.org\/{rel}","templated":true}]}}