{"id":1362,"date":"2019-05-09T23:12:46","date_gmt":"2019-05-09T23:12:46","guid":{"rendered":"http:\/\/xilotl.org.mx\/wp1\/?p=1362"},"modified":"2022-08-16T13:49:56","modified_gmt":"2022-08-16T18:49:56","slug":"dia-de-la-madre","status":"publish","type":"post","link":"http:\/\/xilotl.org.mx\/wp1\/dia-de-la-madre\/","title":{"rendered":"D\u00eda de la madre: Un origen controvertido"},"content":{"rendered":"\t\t<div data-elementor-type=\"wp-post\" data-elementor-id=\"1362\" class=\"elementor elementor-1362\">\n\t\t\t\t\t\t\t\t\t<section class=\"elementor-section elementor-top-section elementor-element elementor-element-45cbfa9 elementor-section-boxed elementor-section-height-default elementor-section-height-default\" data-id=\"45cbfa9\" data-element_type=\"section\">\n\t\t\t\t\t\t<div class=\"elementor-container elementor-column-gap-default\">\n\t\t\t\t\t<div class=\"elementor-column elementor-col-100 elementor-top-column elementor-element elementor-element-21d213d\" data-id=\"21d213d\" data-element_type=\"column\">\n\t\t\t<div class=\"elementor-widget-wrap elementor-element-populated\">\n\t\t\t\t\t\t\t\t<div class=\"elementor-element elementor-element-dba8db3 elementor-widget elementor-widget-heading\" data-id=\"dba8db3\" data-element_type=\"widget\" data-widget_type=\"heading.default\">\n\t\t\t\t<div class=\"elementor-widget-container\">\n\t\t\t<style>\/*! elementor - v3.14.0 - 14-06-2023 *\/\n.elementor-heading-title{padding:0;margin:0;line-height:1}.elementor-widget-heading .elementor-heading-title[class*=elementor-size-]>a{color:inherit;font-size:inherit;line-height:inherit}.elementor-widget-heading .elementor-heading-title.elementor-size-small{font-size:15px}.elementor-widget-heading .elementor-heading-title.elementor-size-medium{font-size:19px}.elementor-widget-heading .elementor-heading-title.elementor-size-large{font-size:29px}.elementor-widget-heading .elementor-heading-title.elementor-size-xl{font-size:39px}.elementor-widget-heading .elementor-heading-title.elementor-size-xxl{font-size:59px}<\/style><h1 class=\"elementor-heading-title elementor-size-default\"><a href=\"http:\/\/xilotl.org.mx\/wp1\/dia-de-la-madre\/\">dia de la madre: un origen controvertido<\/a><\/h1>\t\t<\/div>\n\t\t\t\t<\/div>\n\t\t\t\t\t<\/div>\n\t\t<\/div>\n\t\t\t\t\t\t\t<\/div>\n\t\t<\/section>\n\t\t\t\t<section class=\"elementor-section elementor-top-section elementor-element elementor-element-443455b3 elementor-section-boxed elementor-section-height-default elementor-section-height-default\" data-id=\"443455b3\" data-element_type=\"section\">\n\t\t\t\t\t\t<div class=\"elementor-container elementor-column-gap-default\">\n\t\t\t\t\t<div class=\"elementor-column elementor-col-100 elementor-top-column elementor-element elementor-element-6830b943\" data-id=\"6830b943\" data-element_type=\"column\">\n\t\t\t<div class=\"elementor-widget-wrap elementor-element-populated\">\n\t\t\t\t\t\t\t\t<div class=\"elementor-element elementor-element-64acfe36 elementor-widget elementor-widget-text-editor\" data-id=\"64acfe36\" data-element_type=\"widget\" data-widget_type=\"text-editor.default\">\n\t\t\t\t<div class=\"elementor-widget-container\">\n\t\t\t<style>\/*! elementor - v3.14.0 - 14-06-2023 *\/\n.elementor-widget-text-editor.elementor-drop-cap-view-stacked .elementor-drop-cap{background-color:#69727d;color:#fff}.elementor-widget-text-editor.elementor-drop-cap-view-framed .elementor-drop-cap{color:#69727d;border:3px solid;background-color:transparent}.elementor-widget-text-editor:not(.elementor-drop-cap-view-default) .elementor-drop-cap{margin-top:8px}.elementor-widget-text-editor:not(.elementor-drop-cap-view-default) .elementor-drop-cap-letter{width:1em;height:1em}.elementor-widget-text-editor .elementor-drop-cap{float:left;text-align:center;line-height:1;font-size:50px}.elementor-widget-text-editor .elementor-drop-cap-letter{display:inline-block}<\/style>\t\t\t\t<!-- wp:columns {\"className\":\"has-2-columns\"} -->\n<div class=\"wp-block-columns has-2-columns\"><!-- wp:column -->\n<div class=\"wp-block-column\"><!-- wp:image {\"align\":\"center\",\"id\":1363,\"width\":550,\"height\":381} -->\n<div class=\"wp-block-image\"><figure class=\"aligncenter is-resized\"><img loading=\"lazy\" decoding=\"async\" src=\"http:\/\/xilotl.org.mx\/wp1\/wp-content\/uploads\/2019\/05\/IMG_0358-3-1024x709.jpg\" alt=\"\" class=\"wp-image-1363\" width=\"550\" height=\"381\" srcset=\"http:\/\/xilotl.org.mx\/wp1\/wp-content\/uploads\/2019\/05\/IMG_0358-3-1024x709.jpg 1024w, http:\/\/xilotl.org.mx\/wp1\/wp-content\/uploads\/2019\/05\/IMG_0358-3-300x208.jpg 300w, http:\/\/xilotl.org.mx\/wp1\/wp-content\/uploads\/2019\/05\/IMG_0358-3-768x532.jpg 768w, http:\/\/xilotl.org.mx\/wp1\/wp-content\/uploads\/2019\/05\/IMG_0358-3-615x426.jpg 615w, http:\/\/xilotl.org.mx\/wp1\/wp-content\/uploads\/2019\/05\/IMG_0358-3.jpg 1775w\" sizes=\"(max-width: 550px) 100vw, 550px\" \/><\/figure><\/div>\n<!-- \/wp:image --><\/div>\n<!-- \/wp:column -->\n\n<!-- wp:column -->\n<div class=\"wp-block-column\"><!-- wp:paragraph -->\n<p>El 10 de Mayo de cada a\u00f1o, en M\u00e9xico, se celebra el d\u00eda de la madre, esta tradici\u00f3n se ha convertido en uno de los d\u00edas de fiesta m\u00e1s celebrados, donde se re\u00fanen las familias Mexicanas a festejar a sus Madres. <\/p>\n<!-- \/wp:paragraph -->\n\n<!-- wp:paragraph -->\n<p>La historia del D\u00eda de la Madre en M\u00e9xico es muy controvertida, seg\u00fan la mayor\u00eda fue una iniciativa que en 1922 tuvo el periodista y director del peri\u00f3dico Excelsior, Rafael Alduc\u00edn. A trav\u00e9s de este diario -uno de los pocos que exist\u00edan en el pa\u00eds en ese momento- apoy\u00f3 con extensos art\u00edculos, concursos y premios la propuesta de Jos\u00e9 Vasconcelos, entonces Secretario de Educaci\u00f3n de dedicar un d\u00eda a la madre.<\/p>\n<!-- \/wp:paragraph -->\n\n<!-- wp:paragraph -->\n<p>Seg\u00fan la investigadora especializada en Ciencias Sociales y Estudios de G\u00e9nero Marta Acevedo esta iniciativa fue en realidad una reacci\u00f3n a un movimiento feminista que se estaba gestando en Yucat\u00e1n, entonces con la gubernatura de Felipe Carrillo Puerto.<\/p>\n<!-- \/wp:paragraph --><\/div>\n<!-- \/wp:column --><\/div>\n<!-- \/wp:columns -->\n\n<!-- wp:paragraph -->\n<p>El proceso social yucateco, generado por la Revoluci\u00f3n Mexicana, alienta un movimiento feminista que realiza su primer congreso en Yucat\u00e1n en 1916. Entre otras cosas, se discute la maternidad, plante\u00e1ndose la necesidad de libre elecci\u00f3n y aconsejando a las mujeres c\u00f3mo evitar embarazos no deseados mediante el m\u00e9todo anticonceptivo de Margaret Sanger. Las conferencias son traducidas al maya y se establecen comit\u00e9s feministas en varios lugares. No tardan las cr\u00edticas al pueblo yucateco, en especial a sus mujeres.<\/p>\n<!-- \/wp:paragraph -->\n\n<!-- wp:paragraph -->\n<p>Actualmente el 10 de mayo es un motivo para alzar la voz y exigir mejores condiciones de vida para las mujeres, el acceso a una vida libre de violencia, crear las condiciones de justicia social necesarias para abatir la mortalidad materna, atender de manera m\u00e1s eficaz las problem\u00e1ticas que enfrentan las adolescentes en torno a la maternidad, rescatar al D\u00eda de la Madre del secuestro del comercialismo, haciendo de \u00e9sta una fecha de reflexi\u00f3n y acci\u00f3n en torno a las maternidades o nuestro pleno derecho a no ejercer la maternidad sin presiones.<\/p>\n<!-- \/wp:paragraph -->\n\n<!-- wp:paragraph -->\n<p>A lo largo de los a\u00f1os, y en una interpretaci\u00f3n m\u00e1s de \u201clo personal es lo pol\u00edtico\u201d, muchas han manifestado que el amor y la gratitud no compensan su reclamo de libertades, derechos, igualdad y justicia. <\/p>\n<!-- \/wp:paragraph -->\n\n<!-- wp:spacer -->\n<div style=\"height:100px\" aria-hidden=\"true\" class=\"wp-block-spacer\"><\/div>\n<!-- \/wp:spacer -->\n\n<!-- wp:heading {\"level\":4} -->\n<h4>Enlaces relacionados<\/h4>\n<!-- \/wp:heading -->\n\n<!-- wp:list -->\n<ul><li>Universidad de Guadalajara-  <br><a href=\"http:\/\/www.udg.mx\/es\/efemerides\/10-de-mayo-dia-de-la-madre\">http:\/\/www.udg.mx\/es\/efemerides\/10-de-mayo-dia-de-la-madre<\/a><\/li><li> Lo que oculta el 10 de mayo. Texto de Marta Lamas<br><a href=\"http:\/\/del-espejo.blogspot.mx\/2010\/05\/lo-que-oculta-el-10-de-mayo.html\">http:\/\/del-espejo.blogspot.mx\/2010\/05\/lo-que-oculta-el-10-de-mayo.html<\/a> <\/li><li> 10 de mayo: ayer y hoy<br><a href=\"http:\/\/www.proceso.com.mx\/?p=307439\">http:\/\/www.proceso.com.mx\/?p=307439<\/a> <\/li><\/ul>\n<!-- \/wp:list -->\t\t\t\t\t\t<\/div>\n\t\t\t\t<\/div>\n\t\t\t\t\t<\/div>\n\t\t<\/div>\n\t\t\t\t\t\t\t<\/div>\n\t\t<\/section>\n\t\t\t\t\t\t\t<\/div>\n\t\t","protected":false},"excerpt":{"rendered":"<p>dia de la madre: un origen controvertido El 10 de Mayo de cada a\u00f1o, en M\u00e9xico, se celebra el d\u00eda de la madre, esta tradici\u00f3n se ha convertido en uno de los d\u00edas de fiesta m\u00e1s celebrados, donde se re\u00fanen las familias Mexicanas a festejar a sus Madres. La historia del D\u00eda de la Madre &hellip;<\/p>\n<p class=\"read-more\"> <a class=\"\" href=\"http:\/\/xilotl.org.mx\/wp1\/dia-de-la-madre\/\"> <span class=\"screen-reader-text\">D\u00eda de la madre: Un origen controvertido<\/span> Leer m\u00e1s &raquo;<\/a><\/p>\n","protected":false},"author":3,"featured_media":1363,"comment_status":"open","ping_status":"open","sticky":false,"template":"","format":"standard","meta":{"site-sidebar-layout":"default","site-content-layout":"default","ast-global-header-display":"","ast-main-header-display":"","ast-hfb-above-header-display":"","ast-hfb-below-header-display":"","ast-hfb-mobile-header-display":"","site-post-title":"disabled","ast-breadcrumbs-content":"","ast-featured-img":"","footer-sml-layout":"","theme-transparent-header-meta":"","adv-header-id-meta":"","stick-header-meta":"","header-above-stick-meta":"","header-main-stick-meta":"","header-below-stick-meta":"","footnotes":""},"categories":[23,3,1],"tags":[],"class_list":["post-1362","post","type-post","status-publish","format-standard","has-post-thumbnail","hentry","category-conmemorativos","category-derechos-humanos","category-uncategorized"],"_links":{"self":[{"href":"http:\/\/xilotl.org.mx\/wp1\/wp-json\/wp\/v2\/posts\/1362"}],"collection":[{"href":"http:\/\/xilotl.org.mx\/wp1\/wp-json\/wp\/v2\/posts"}],"about":[{"href":"http:\/\/xilotl.org.mx\/wp1\/wp-json\/wp\/v2\/types\/post"}],"author":[{"embeddable":true,"href":"http:\/\/xilotl.org.mx\/wp1\/wp-json\/wp\/v2\/users\/3"}],"replies":[{"embeddable":true,"href":"http:\/\/xilotl.org.mx\/wp1\/wp-json\/wp\/v2\/comments?post=1362"}],"version-history":[{"count":21,"href":"http:\/\/xilotl.org.mx\/wp1\/wp-json\/wp\/v2\/posts\/1362\/revisions"}],"predecessor-version":[{"id":5928,"href":"http:\/\/xilotl.org.mx\/wp1\/wp-json\/wp\/v2\/posts\/1362\/revisions\/5928"}],"wp:featuredmedia":[{"embeddable":true,"href":"http:\/\/xilotl.org.mx\/wp1\/wp-json\/wp\/v2\/media\/1363"}],"wp:attachment":[{"href":"http:\/\/xilotl.org.mx\/wp1\/wp-json\/wp\/v2\/media?parent=1362"}],"wp:term":[{"taxonomy":"category","embeddable":true,"href":"http:\/\/xilotl.org.mx\/wp1\/wp-json\/wp\/v2\/categories?post=1362"},{"taxonomy":"post_tag","embeddable":true,"href":"http:\/\/xilotl.org.mx\/wp1\/wp-json\/wp\/v2\/tags?post=1362"}],"curies":[{"name":"wp","href":"https:\/\/api.w.org\/{rel}","templated":true}]}}