{"id":1343,"date":"2019-04-30T17:37:18","date_gmt":"2019-04-30T17:37:18","guid":{"rendered":"http:\/\/xilotl.org.mx\/wp1\/?p=1343"},"modified":"2019-04-30T19:08:12","modified_gmt":"2019-04-30T19:08:12","slug":"dia-del-nino-toda-nina-y-nino-tiene-derechos","status":"publish","type":"post","link":"http:\/\/xilotl.org.mx\/wp1\/dia-del-nino-toda-nina-y-nino-tiene-derechos\/","title":{"rendered":"D\u00eda del ni\u00f1o: Toda ni\u00f1a y ni\u00f1o tiene derechos"},"content":{"rendered":"\n<p style=\"text-align:right\">Guillermina S\u00e1nchez Ma\u00f1on<br>Ciudad de M\u00e9xico<\/p>\n\n\n\n<div class=\"wp-block-columns has-2-columns is-layout-flex wp-container-core-columns-is-layout-1 wp-block-columns-is-layout-flex\">\n<div class=\"wp-block-column is-layout-flow wp-block-column-is-layout-flow\">\n<figure class=\"wp-block-image\"><img loading=\"lazy\" decoding=\"async\" width=\"1024\" height=\"874\" src=\"http:\/\/xilotl.org.mx\/wp1\/wp-content\/uploads\/2019\/04\/IMG_0191-2-1024x874.jpg\" alt=\"\" class=\"wp-image-1336\" srcset=\"http:\/\/xilotl.org.mx\/wp1\/wp-content\/uploads\/2019\/04\/IMG_0191-2-1024x874.jpg 1024w, http:\/\/xilotl.org.mx\/wp1\/wp-content\/uploads\/2019\/04\/IMG_0191-2-300x256.jpg 300w, http:\/\/xilotl.org.mx\/wp1\/wp-content\/uploads\/2019\/04\/IMG_0191-2-768x655.jpg 768w, http:\/\/xilotl.org.mx\/wp1\/wp-content\/uploads\/2019\/04\/IMG_0191-2-586x500.jpg 586w\" sizes=\"(max-width: 1024px) 100vw, 1024px\" \/><\/figure>\n<\/div>\n\n\n\n<div class=\"wp-block-column is-layout-flow wp-block-column-is-layout-flow\">\n<p>Hoy como\ncada a\u00f1o se celebra el D\u00eda del ni\u00f1o, este d\u00eda de dedica a reafirmar los\nderechos de los ni\u00f1os y las ni\u00f1as, asimismo lograr el bienestar de los ni\u00f1os\ndel mundo.<\/p>\n\n\n\n<p>En M\u00e9xico las ni\u00f1as y ni\u00f1os tienen derecho a vivir, a crecer en condiciones \u00f3ptimas, a recibir una educaci\u00f3n, a construir su propio futuro econ\u00f3mico social y cultural, tienen derecho a comer, a la salud que es esencial para su desarrollo, a la identidad, es decir a un nombre, apellido y una nacionalidad, este derecho de identidad representa el reconocimiento oficial de su existencia y de sus derechos. Las ni\u00f1as y ni\u00f1os tienen derecho a expresarse, tienen derecho a vivir en un contexto seguro y protegido que preserve su bienestar. Toda ni\u00f1a y ni\u00f1o tiene derecho a ser protegido de cualquier forma de maltrato, discriminaci\u00f3n y explotaci\u00f3n.<\/p>\n\n\n\n<p>Las ni\u00f1as y ni\u00f1os tienen derecho a expresarse, tienen derecho a vivir en un contexto seguro y protegido que preserve su bienestar. Toda ni\u00f1a y ni\u00f1o tiene derecho a ser protegido de cualquier forma de maltrato, discriminaci\u00f3n y explotaci\u00f3n. <\/p>\n<\/div>\n<\/div>\n\n\n\n<p>Sin embargo las ni\u00f1as y ni\u00f1os ind\u00edgenas en M\u00e9xico constituyen la poblaci\u00f3n con mayores carencias y el menor\ngrado de cumplimiento de sus derechos fundamentales. &nbsp;Ser ni\u00f1a o ni\u00f1o ind\u00edgena implica\nel enfrentarse a diversas realidades y problem\u00e1ticas que obstaculizan el\nejercicio y el goce de las garant\u00edas constitucionales y de los derechos\nhumanos.<\/p>\n\n\n\n<p>Es por eso que Xilotl te invita a escuchar las voces de los pueblos ind\u00edgenas y proteger los derechos de los pueblos ind\u00edgenas, particularmente los de la ni\u00f1ez ind\u00edgena, esto no solo contribuir\u00e1 a subsanar errores hist\u00f3ricos y suprimir las injusticias actuales sino nos enriquecer\u00e1 a todos ya que con nuestra ayuda las ni\u00f1as y ni\u00f1os ind\u00edgenas de hoy pueden ser los l\u00edderes del ma\u00f1ana.<\/p>\n","protected":false},"excerpt":{"rendered":"<p>Guillermina S\u00e1nchez Ma\u00f1onCiudad de M\u00e9xico Hoy como cada a\u00f1o se celebra el D\u00eda del ni\u00f1o, este d\u00eda de dedica a reafirmar los derechos de los ni\u00f1os y las ni\u00f1as, asimismo lograr el bienestar de los ni\u00f1os del mundo. En M\u00e9xico las ni\u00f1as y ni\u00f1os tienen derecho a vivir, a crecer en condiciones \u00f3ptimas, a recibir &hellip;<\/p>\n<p class=\"read-more\"> <a class=\"\" href=\"http:\/\/xilotl.org.mx\/wp1\/dia-del-nino-toda-nina-y-nino-tiene-derechos\/\"> <span class=\"screen-reader-text\">D\u00eda del ni\u00f1o: Toda ni\u00f1a y ni\u00f1o tiene derechos<\/span> Leer m\u00e1s &raquo;<\/a><\/p>\n","protected":false},"author":3,"featured_media":1336,"comment_status":"open","ping_status":"open","sticky":false,"template":"","format":"standard","meta":{"site-sidebar-layout":"default","site-content-layout":"default","ast-global-header-display":"","ast-main-header-display":"","ast-hfb-above-header-display":"","ast-hfb-below-header-display":"","ast-hfb-mobile-header-display":"","site-post-title":"","ast-breadcrumbs-content":"","ast-featured-img":"","footer-sml-layout":"","theme-transparent-header-meta":"","adv-header-id-meta":"","stick-header-meta":"","header-above-stick-meta":"","header-main-stick-meta":"","header-below-stick-meta":"","footnotes":""},"categories":[23,3,1],"tags":[],"class_list":["post-1343","post","type-post","status-publish","format-standard","has-post-thumbnail","hentry","category-conmemorativos","category-derechos-humanos","category-uncategorized"],"_links":{"self":[{"href":"http:\/\/xilotl.org.mx\/wp1\/wp-json\/wp\/v2\/posts\/1343"}],"collection":[{"href":"http:\/\/xilotl.org.mx\/wp1\/wp-json\/wp\/v2\/posts"}],"about":[{"href":"http:\/\/xilotl.org.mx\/wp1\/wp-json\/wp\/v2\/types\/post"}],"author":[{"embeddable":true,"href":"http:\/\/xilotl.org.mx\/wp1\/wp-json\/wp\/v2\/users\/3"}],"replies":[{"embeddable":true,"href":"http:\/\/xilotl.org.mx\/wp1\/wp-json\/wp\/v2\/comments?post=1343"}],"version-history":[{"count":5,"href":"http:\/\/xilotl.org.mx\/wp1\/wp-json\/wp\/v2\/posts\/1343\/revisions"}],"predecessor-version":[{"id":1356,"href":"http:\/\/xilotl.org.mx\/wp1\/wp-json\/wp\/v2\/posts\/1343\/revisions\/1356"}],"wp:featuredmedia":[{"embeddable":true,"href":"http:\/\/xilotl.org.mx\/wp1\/wp-json\/wp\/v2\/media\/1336"}],"wp:attachment":[{"href":"http:\/\/xilotl.org.mx\/wp1\/wp-json\/wp\/v2\/media?parent=1343"}],"wp:term":[{"taxonomy":"category","embeddable":true,"href":"http:\/\/xilotl.org.mx\/wp1\/wp-json\/wp\/v2\/categories?post=1343"},{"taxonomy":"post_tag","embeddable":true,"href":"http:\/\/xilotl.org.mx\/wp1\/wp-json\/wp\/v2\/tags?post=1343"}],"curies":[{"name":"wp","href":"https:\/\/api.w.org\/{rel}","templated":true}]}}