{"id":1318,"date":"2019-04-22T14:58:37","date_gmt":"2019-04-22T14:58:37","guid":{"rendered":"http:\/\/xilotl.org.mx\/wp1\/?p=1318"},"modified":"2019-04-22T15:02:06","modified_gmt":"2019-04-22T15:02:06","slug":"una-relacion-espiritual-con-la-tierra","status":"publish","type":"post","link":"http:\/\/xilotl.org.mx\/wp1\/una-relacion-espiritual-con-la-tierra\/","title":{"rendered":"Una relaci\u00f3n espiritual con la tierra"},"content":{"rendered":"\n<div class=\"wp-block-columns has-2-columns is-layout-flex wp-container-core-columns-is-layout-1 wp-block-columns-is-layout-flex\">\n<div class=\"wp-block-column is-layout-flow wp-block-column-is-layout-flow\">\n<figure class=\"wp-block-image\"><img loading=\"lazy\" decoding=\"async\" width=\"960\" height=\"535\" src=\"http:\/\/xilotl.org.mx\/wp1\/wp-content\/uploads\/2019\/03\/51989158_520183061884099_204943736147279872_n-2.jpg\" alt=\"\" class=\"wp-image-1177\" srcset=\"http:\/\/xilotl.org.mx\/wp1\/wp-content\/uploads\/2019\/03\/51989158_520183061884099_204943736147279872_n-2.jpg 960w, http:\/\/xilotl.org.mx\/wp1\/wp-content\/uploads\/2019\/03\/51989158_520183061884099_204943736147279872_n-2-300x167.jpg 300w, http:\/\/xilotl.org.mx\/wp1\/wp-content\/uploads\/2019\/03\/51989158_520183061884099_204943736147279872_n-2-768x428.jpg 768w, http:\/\/xilotl.org.mx\/wp1\/wp-content\/uploads\/2019\/03\/51989158_520183061884099_204943736147279872_n-2-897x500.jpg 897w\" sizes=\"(max-width: 960px) 100vw, 960px\" \/><\/figure>\n<\/div>\n\n\n\n<div class=\"wp-block-column is-layout-flow wp-block-column-is-layout-flow\">\n<p> El<strong> D\u00eda Internacional de la Madre Tierra<\/strong> es un d\u00eda celebrado en muchos pa\u00edses el&nbsp;22 de abril de cada a\u00f1o.<\/p>\n\n\n\n<p>La Tierra y sus ecosistemas son nuestro hogar. Para alcanzar un justo equilibrio entre las necesidades econ\u00f3micas, sociales y ambientales de las generaciones presentes y futuras, es necesario promover la armon\u00eda con la naturaleza y el planeta.<\/p>\n\n\n\n<p>&#8220;Madre Tierra&#8221; es una expresi\u00f3n com\u00fan utilizada para referirse al planeta Tierra en diversos pa\u00edses y regiones, lo que demuestra la interdependencia existente entre los seres humanos, las dem\u00e1s especies vivas y el planeta que todos habitamos. <\/p>\n<\/div>\n<\/div>\n\n\n\n<p>Es por ello, que en el marco de esta celebraci\u00f3n, cabe recalcar la relaci\u00f3n que tienen los pueblos originarios con la &#8220;Madre Tierra&#8221;, considerada fuente de vida, un regalo del creador que nutre, sustenta y ense\u00f1a, representa uno de los seres sagrados que integran su universo y a la cual se le atribuye, principalmente, la capacidad de permitir la reproducci\u00f3n de la vida. Partiendo de esta idea, a trav\u00e9s del tiempo, los diferentes pueblos ind\u00edgenas han conformado una cultura que se distingue por una relaci\u00f3n de sumo respeto con la tierra y con la naturaleza que de ella emana. <\/p>\n\n\n\n<p>Es por ello que en Xilotl buscamos que se respeten los territorios de los pueblos originarios, fortaleciendo las capacidades de hombres y mujeres para defender sus derechos, mediante talleres de capacitaci\u00f3n y resoluci\u00f3n de conflictos.<\/p>\n\n\n\n<p>Este d\u00eda nos brinda tambi\u00e9n la oportunidad de concienciar a todos los habitantes del planeta acerca de los problemas que afectan a la Tierra y a las diferentes formas de vida que en \u00e9l se desarrollan.<\/p>\n\n\n\n<hr class=\"wp-block-separator\"\/>\n\n\n\n<div class=\"wp-block-columns has-2-columns is-layout-flex wp-container-core-columns-is-layout-2 wp-block-columns-is-layout-flex\">\n<div class=\"wp-block-column is-layout-flow wp-block-column-is-layout-flow\">\n<p><\/p>\n<\/div>\n\n\n\n<div class=\"wp-block-column is-layout-flow wp-block-column-is-layout-flow\"><\/div>\n<\/div>\n\n\n\n<p>Fuentes.  <br><a href=\"https:\/\/www.un.org\/es\/events\/motherearthday\/\">https:\/\/www.un.org\/es\/events\/motherearthday\/<\/a> <br><a href=\"http:\/\/www.unescoetxea.org\/ext\/futuros\/es\/theme_c\/mod11\/uncom11t03s01.htm\">http:\/\/www.unescoetxea.org\/ext\/futuros\/es\/theme_c\/mod11\/uncom11t03s01.htm<\/a>  <br><a href=\"https:\/\/www.elsoldemexico.com.mx\/analisis\/La-Madre-Tierra-en-la-cosmovisi%C3%B3n-ind%C3%ADgena-243210.html\">https:\/\/www.elsoldemexico.com.mx\/analisis\/La-Madre-Tierra-en-la-cosmovisi%C3%B3n-ind%C3%ADgena-243210.html<\/a> <\/p>\n","protected":false},"excerpt":{"rendered":"<p>El D\u00eda Internacional de la Madre Tierra es un d\u00eda celebrado en muchos pa\u00edses el&nbsp;22 de abril de cada a\u00f1o. La Tierra y sus ecosistemas son nuestro hogar. Para alcanzar un justo equilibrio entre las necesidades econ\u00f3micas, sociales y ambientales de las generaciones presentes y futuras, es necesario promover la armon\u00eda con la naturaleza y &hellip;<\/p>\n<p class=\"read-more\"> <a class=\"\" href=\"http:\/\/xilotl.org.mx\/wp1\/una-relacion-espiritual-con-la-tierra\/\"> <span class=\"screen-reader-text\">Una relaci\u00f3n espiritual con la tierra<\/span> Leer m\u00e1s &raquo;<\/a><\/p>\n","protected":false},"author":3,"featured_media":1177,"comment_status":"open","ping_status":"open","sticky":false,"template":"","format":"standard","meta":{"site-sidebar-layout":"default","site-content-layout":"default","ast-global-header-display":"","ast-main-header-display":"","ast-hfb-above-header-display":"","ast-hfb-below-header-display":"","ast-hfb-mobile-header-display":"","site-post-title":"","ast-breadcrumbs-content":"","ast-featured-img":"","footer-sml-layout":"","theme-transparent-header-meta":"","adv-header-id-meta":"","stick-header-meta":"","header-above-stick-meta":"","header-main-stick-meta":"","header-below-stick-meta":"","footnotes":""},"categories":[23,18,1],"tags":[],"class_list":["post-1318","post","type-post","status-publish","format-standard","has-post-thumbnail","hentry","category-conmemorativos","category-desarrollo-territorial","category-uncategorized"],"_links":{"self":[{"href":"http:\/\/xilotl.org.mx\/wp1\/wp-json\/wp\/v2\/posts\/1318"}],"collection":[{"href":"http:\/\/xilotl.org.mx\/wp1\/wp-json\/wp\/v2\/posts"}],"about":[{"href":"http:\/\/xilotl.org.mx\/wp1\/wp-json\/wp\/v2\/types\/post"}],"author":[{"embeddable":true,"href":"http:\/\/xilotl.org.mx\/wp1\/wp-json\/wp\/v2\/users\/3"}],"replies":[{"embeddable":true,"href":"http:\/\/xilotl.org.mx\/wp1\/wp-json\/wp\/v2\/comments?post=1318"}],"version-history":[{"count":3,"href":"http:\/\/xilotl.org.mx\/wp1\/wp-json\/wp\/v2\/posts\/1318\/revisions"}],"predecessor-version":[{"id":1324,"href":"http:\/\/xilotl.org.mx\/wp1\/wp-json\/wp\/v2\/posts\/1318\/revisions\/1324"}],"wp:featuredmedia":[{"embeddable":true,"href":"http:\/\/xilotl.org.mx\/wp1\/wp-json\/wp\/v2\/media\/1177"}],"wp:attachment":[{"href":"http:\/\/xilotl.org.mx\/wp1\/wp-json\/wp\/v2\/media?parent=1318"}],"wp:term":[{"taxonomy":"category","embeddable":true,"href":"http:\/\/xilotl.org.mx\/wp1\/wp-json\/wp\/v2\/categories?post=1318"},{"taxonomy":"post_tag","embeddable":true,"href":"http:\/\/xilotl.org.mx\/wp1\/wp-json\/wp\/v2\/tags?post=1318"}],"curies":[{"name":"wp","href":"https:\/\/api.w.org\/{rel}","templated":true}]}}