{"id":1303,"date":"2019-03-22T17:28:13","date_gmt":"2019-03-22T17:28:13","guid":{"rendered":"http:\/\/xilotl.org.mx\/wp1\/?p=1303"},"modified":"2022-08-19T13:40:51","modified_gmt":"2022-08-19T18:40:51","slug":"los-pueblos-originarios-han-forjaron-una-relacion-de-respeto-al-agua","status":"publish","type":"post","link":"http:\/\/xilotl.org.mx\/wp1\/los-pueblos-originarios-han-forjaron-una-relacion-de-respeto-al-agua\/","title":{"rendered":"Los pueblos originarios han forjaron una relaci\u00f3n de respeto al agua"},"content":{"rendered":"\t\t<div data-elementor-type=\"wp-post\" data-elementor-id=\"1303\" class=\"elementor elementor-1303\">\n\t\t\t\t\t\t\t\t\t<section class=\"elementor-section elementor-top-section elementor-element elementor-element-bfdeaa4 elementor-section-boxed elementor-section-height-default elementor-section-height-default\" data-id=\"bfdeaa4\" data-element_type=\"section\">\n\t\t\t\t\t\t<div class=\"elementor-container elementor-column-gap-default\">\n\t\t\t\t\t<div class=\"elementor-column elementor-col-100 elementor-top-column elementor-element elementor-element-c0879d3\" data-id=\"c0879d3\" data-element_type=\"column\">\n\t\t\t<div class=\"elementor-widget-wrap elementor-element-populated\">\n\t\t\t\t\t\t\t\t<div class=\"elementor-element elementor-element-a258846 elementor-widget elementor-widget-heading\" data-id=\"a258846\" data-element_type=\"widget\" data-widget_type=\"heading.default\">\n\t\t\t\t<div class=\"elementor-widget-container\">\n\t\t\t<style>\/*! elementor - v3.14.0 - 14-06-2023 *\/\n.elementor-heading-title{padding:0;margin:0;line-height:1}.elementor-widget-heading .elementor-heading-title[class*=elementor-size-]>a{color:inherit;font-size:inherit;line-height:inherit}.elementor-widget-heading .elementor-heading-title.elementor-size-small{font-size:15px}.elementor-widget-heading .elementor-heading-title.elementor-size-medium{font-size:19px}.elementor-widget-heading .elementor-heading-title.elementor-size-large{font-size:29px}.elementor-widget-heading .elementor-heading-title.elementor-size-xl{font-size:39px}.elementor-widget-heading .elementor-heading-title.elementor-size-xxl{font-size:59px}<\/style><h1 class=\"elementor-heading-title elementor-size-default\"><a href=\"http:\/\/xilotl.org.mx\/wp1\/los-pueblos-originarios-han-forjaron-una-relacion-de-respeto-al-agua\/\">Los pueblos originarios han forjaron una relaci\u00f3n de respeto al agua<\/a><\/h1>\t\t<\/div>\n\t\t\t\t<\/div>\n\t\t\t\t\t<\/div>\n\t\t<\/div>\n\t\t\t\t\t\t\t<\/div>\n\t\t<\/section>\n\t\t\t\t<section class=\"elementor-section elementor-top-section elementor-element elementor-element-2bec3c1a elementor-section-boxed elementor-section-height-default elementor-section-height-default\" data-id=\"2bec3c1a\" data-element_type=\"section\">\n\t\t\t\t\t\t<div class=\"elementor-container elementor-column-gap-default\">\n\t\t\t\t\t<div class=\"elementor-column elementor-col-100 elementor-top-column elementor-element elementor-element-26fbcce5\" data-id=\"26fbcce5\" data-element_type=\"column\">\n\t\t\t<div class=\"elementor-widget-wrap elementor-element-populated\">\n\t\t\t\t\t\t\t\t<div class=\"elementor-element elementor-element-66f6c999 elementor-widget elementor-widget-text-editor\" data-id=\"66f6c999\" data-element_type=\"widget\" data-widget_type=\"text-editor.default\">\n\t\t\t\t<div class=\"elementor-widget-container\">\n\t\t\t<style>\/*! elementor - v3.14.0 - 14-06-2023 *\/\n.elementor-widget-text-editor.elementor-drop-cap-view-stacked .elementor-drop-cap{background-color:#69727d;color:#fff}.elementor-widget-text-editor.elementor-drop-cap-view-framed .elementor-drop-cap{color:#69727d;border:3px solid;background-color:transparent}.elementor-widget-text-editor:not(.elementor-drop-cap-view-default) .elementor-drop-cap{margin-top:8px}.elementor-widget-text-editor:not(.elementor-drop-cap-view-default) .elementor-drop-cap-letter{width:1em;height:1em}.elementor-widget-text-editor .elementor-drop-cap{float:left;text-align:center;line-height:1;font-size:50px}.elementor-widget-text-editor .elementor-drop-cap-letter{display:inline-block}<\/style>\t\t\t\t<!-- wp:columns {\"className\":\"has-2-columns\"} -->\n<div class=\"wp-block-columns has-2-columns\"><!-- wp:column -->\n<div class=\"wp-block-column\"><!-- wp:image {\"align\":\"center\",\"id\":1305,\"width\":531,\"height\":398} -->\n<div class=\"wp-block-image\"><figure class=\"aligncenter is-resized\"><img loading=\"lazy\" decoding=\"async\" src=\"http:\/\/xilotl.org.mx\/wp1\/wp-content\/uploads\/2019\/03\/Foto-CUB-Peter-Hejl-DSCF1593-1-1024x768.jpg\" alt=\"\" class=\"wp-image-1305\" width=\"531\" height=\"398\" srcset=\"http:\/\/xilotl.org.mx\/wp1\/wp-content\/uploads\/2019\/03\/Foto-CUB-Peter-Hejl-DSCF1593-1-1024x768.jpg 1024w, http:\/\/xilotl.org.mx\/wp1\/wp-content\/uploads\/2019\/03\/Foto-CUB-Peter-Hejl-DSCF1593-1-300x225.jpg 300w, http:\/\/xilotl.org.mx\/wp1\/wp-content\/uploads\/2019\/03\/Foto-CUB-Peter-Hejl-DSCF1593-1-768x576.jpg 768w, http:\/\/xilotl.org.mx\/wp1\/wp-content\/uploads\/2019\/03\/Foto-CUB-Peter-Hejl-DSCF1593-1-462x347.jpg 462w\" sizes=\"(max-width: 531px) 100vw, 531px\" \/><\/figure><\/div>\n<!-- \/wp:image --><\/div>\n<!-- \/wp:column -->\n\n<!-- wp:column -->\n<div class=\"wp-block-column\"><!-- wp:html -->\n<p style=\"text-align:justify\">El 22 de marzo de cada a\u00f1o se celebra el&nbsp;<strong>D\u00eda Mundial del Agua<\/strong>&nbsp;y este 2019 se hace bajo el lema &#8220;Sin dejar a nadie atr\u00e1s&#8221; con el fin de lograr y garantizar el acceso al agua y saneamiento a todos, con especial foco en los grupos m\u00e1s vulnerables de la sociedad. <\/p>\n<!-- \/wp:html -->\n\n<!-- wp:html -->\n<p style=\"text-align:justify\">En este contexto, damos \u00e9nfasis a la relaci\u00f3n de sustentabilidad y respeto al agua que han forjado los pueblos originarios de nuestro pa\u00eds, que consideran a este vital liquido como un elemento sagrado que da vida y abundancia, por lo que forma parte importante en sus tradiciones y vida diaria. <\/p>\n<!-- \/wp:html -->\n\n<!-- wp:html -->\n<p style=\"text-align:justify\"> Seg\u00fan el Art\u00edculo 2\nconstitucional y los instrumentos internacionales firmados por M\u00e9xico, los pueblos ind\u00edgenas tienen el derecho a administrar y cuidar, seg\u00fan sus propias culturas y formas de gobierno, las aguas en los territorios que habitan u ocupan. Sin embargo,hasta la fecha el Estado mexicano no ha generado un mecanismo para reconocer estos territorios, dejando sin efecto estos derechos.<\/p>\n<!-- \/wp:html --><\/div>\n<!-- \/wp:column --><\/div>\n<!-- \/wp:columns -->\n\n<!-- wp:paragraph -->\n<p>Estamos conscientes de que falta mucho trabajo por realizar en el tema de derechos a los pueblos originarios y el acceso a sus recursos naturales, es por eso que desde Xilotl buscamos la autonom\u00eda y reconocimiento para que ellos puedan exigir y ejercer sus derechos. <\/p>\n<!-- \/wp:paragraph -->\n\n<!-- wp:paragraph -->\n<p>Por otro lado este d\u00eda mundial del agua, queremos invitar a nuestros lectores a sumarse a las iniciativas de preservaci\u00f3n y cuidado de este vital liquido.<\/p>\n<!-- \/wp:paragraph -->\t\t\t\t\t\t<\/div>\n\t\t\t\t<\/div>\n\t\t\t\t\t<\/div>\n\t\t<\/div>\n\t\t\t\t\t\t\t<\/div>\n\t\t<\/section>\n\t\t\t\t\t\t\t<\/div>\n\t\t","protected":false},"excerpt":{"rendered":"<p>Los pueblos originarios han forjaron una relaci\u00f3n de respeto al agua El 22 de marzo de cada a\u00f1o se celebra el&nbsp;D\u00eda Mundial del Agua&nbsp;y este 2019 se hace bajo el lema &#8220;Sin dejar a nadie atr\u00e1s&#8221; con el fin de lograr y garantizar el acceso al agua y saneamiento a todos, con especial foco en &hellip;<\/p>\n<p class=\"read-more\"> <a class=\"\" href=\"http:\/\/xilotl.org.mx\/wp1\/los-pueblos-originarios-han-forjaron-una-relacion-de-respeto-al-agua\/\"> <span class=\"screen-reader-text\">Los pueblos originarios han forjaron una relaci\u00f3n de respeto al agua<\/span> Leer m\u00e1s &raquo;<\/a><\/p>\n","protected":false},"author":3,"featured_media":1304,"comment_status":"open","ping_status":"open","sticky":false,"template":"","format":"standard","meta":{"site-sidebar-layout":"default","site-content-layout":"default","ast-global-header-display":"","ast-main-header-display":"","ast-hfb-above-header-display":"","ast-hfb-below-header-display":"","ast-hfb-mobile-header-display":"","site-post-title":"disabled","ast-breadcrumbs-content":"","ast-featured-img":"","footer-sml-layout":"","theme-transparent-header-meta":"","adv-header-id-meta":"","stick-header-meta":"","header-above-stick-meta":"","header-main-stick-meta":"","header-below-stick-meta":"","footnotes":""},"categories":[23,18,1],"tags":[25,24,27,26],"class_list":["post-1303","post","type-post","status-publish","format-standard","has-post-thumbnail","hentry","category-conmemorativos","category-desarrollo-territorial","category-uncategorized","tag-agua","tag-ddhh","tag-pueblos-indigenas","tag-recursos-naturales"],"_links":{"self":[{"href":"http:\/\/xilotl.org.mx\/wp1\/wp-json\/wp\/v2\/posts\/1303"}],"collection":[{"href":"http:\/\/xilotl.org.mx\/wp1\/wp-json\/wp\/v2\/posts"}],"about":[{"href":"http:\/\/xilotl.org.mx\/wp1\/wp-json\/wp\/v2\/types\/post"}],"author":[{"embeddable":true,"href":"http:\/\/xilotl.org.mx\/wp1\/wp-json\/wp\/v2\/users\/3"}],"replies":[{"embeddable":true,"href":"http:\/\/xilotl.org.mx\/wp1\/wp-json\/wp\/v2\/comments?post=1303"}],"version-history":[{"count":10,"href":"http:\/\/xilotl.org.mx\/wp1\/wp-json\/wp\/v2\/posts\/1303\/revisions"}],"predecessor-version":[{"id":6097,"href":"http:\/\/xilotl.org.mx\/wp1\/wp-json\/wp\/v2\/posts\/1303\/revisions\/6097"}],"wp:featuredmedia":[{"embeddable":true,"href":"http:\/\/xilotl.org.mx\/wp1\/wp-json\/wp\/v2\/media\/1304"}],"wp:attachment":[{"href":"http:\/\/xilotl.org.mx\/wp1\/wp-json\/wp\/v2\/media?parent=1303"}],"wp:term":[{"taxonomy":"category","embeddable":true,"href":"http:\/\/xilotl.org.mx\/wp1\/wp-json\/wp\/v2\/categories?post=1303"},{"taxonomy":"post_tag","embeddable":true,"href":"http:\/\/xilotl.org.mx\/wp1\/wp-json\/wp\/v2\/tags?post=1303"}],"curies":[{"name":"wp","href":"https:\/\/api.w.org\/{rel}","templated":true}]}}