{"id":1294,"date":"2019-03-21T20:19:46","date_gmt":"2019-03-21T20:19:46","guid":{"rendered":"http:\/\/xilotl.org.mx\/wp1\/?p=1294"},"modified":"2019-03-21T20:26:15","modified_gmt":"2019-03-21T20:26:15","slug":"recordando-que-todos-los-seres-humanos-nacemos-libres-e-iguales","status":"publish","type":"post","link":"http:\/\/xilotl.org.mx\/wp1\/recordando-que-todos-los-seres-humanos-nacemos-libres-e-iguales\/","title":{"rendered":"Recordando que todos los seres humanos nacemos libres e iguales"},"content":{"rendered":"\n<p style=\"text-align:right\" class=\"has-regular-font-size\">Guillermina S\u00e1nchez Ma\u00f1on<\/p>\n\n\n\n<p style=\"text-align:right\">Ciudad de M\u00e9xico <\/p>\n\n\n\n<div class=\"wp-block-columns has-2-columns is-layout-flex wp-container-core-columns-is-layout-1 wp-block-columns-is-layout-flex\">\n<div class=\"wp-block-column is-layout-flow wp-block-column-is-layout-flow\">\n<div class=\"wp-block-image\"><figure class=\"aligncenter is-resized\"><img loading=\"lazy\" decoding=\"async\" src=\"http:\/\/xilotl.org.mx\/wp1\/wp-content\/uploads\/2019\/03\/jornada5-1-1024x768.jpg\" alt=\"\" class=\"wp-image-1295\" width=\"460\" height=\"345\" srcset=\"http:\/\/xilotl.org.mx\/wp1\/wp-content\/uploads\/2019\/03\/jornada5-1-1024x768.jpg 1024w, http:\/\/xilotl.org.mx\/wp1\/wp-content\/uploads\/2019\/03\/jornada5-1-300x225.jpg 300w, http:\/\/xilotl.org.mx\/wp1\/wp-content\/uploads\/2019\/03\/jornada5-1-768x576.jpg 768w, http:\/\/xilotl.org.mx\/wp1\/wp-content\/uploads\/2019\/03\/jornada5-1-462x347.jpg 462w, http:\/\/xilotl.org.mx\/wp1\/wp-content\/uploads\/2019\/03\/jornada5-1.jpg 1280w\" sizes=\"(max-width: 460px) 100vw, 460px\" \/><\/figure><\/div>\n\n\n\n<p><\/p>\n<\/div>\n\n\n\n<div class=\"wp-block-column is-layout-flow wp-block-column-is-layout-flow\">\n<p style=\"text-align:justify\">Hoy 21 de marzo al igual que todos los a\u00f1os conmemoramos el d\u00eda Internacional de la Eliminaci\u00f3n de la Discriminaci\u00f3n Racial. Recordando que todos los seres humanos nacemos libres e iguales en dignidad y derechos.&nbsp; En M\u00e9xico los pueblos ind\u00edgenas enfrentan cotidianamente distintas formas de discriminaci\u00f3n. Pues en el ejercicio de sus derechos y el acceso a oportunidades para su desarrollo de una vida digna existe todav\u00eda una desigualdad que se deriva principalmente de conductas, prejuicios y concepciones sobre el origen \u00e9tnico, los rasgos culturales o el color de piel entre otros que tienen fuertes contenidos discriminatorios y que finalmente se traducen en niveles injustificables de exclusi\u00f3n, marginaci\u00f3n y pobreza.<\/p>\n<\/div>\n<\/div>\n\n\n\n<p>En un pa\u00eds tan diverso se pide la\ncomprensi\u00f3n y el respeto hacia los dem\u00e1s ya que es el \u00fanico camino posible para\neliminar todas las formas de discriminaci\u00f3n racial. Hacemos &nbsp;un llamamiento a los ciudadanos para que\nact\u00faen y transmitan los valores de solidaridad, empat\u00eda y altruismo. Creando de\nla diversidad no la exclusi\u00f3n ni la marginaci\u00f3n, al contrario creando una\nfortaleza, aprendamos a encontrar en ella recursos ingeniosos, creativos y de\npaz.<\/p>\n\n\n\n<p>Sumemos nuestros esfuerzos a fin\nde construir un mundo m\u00e1s inclusivo, solidario y equitativo.<\/p>\n","protected":false},"excerpt":{"rendered":"<p>Guillermina S\u00e1nchez Ma\u00f1on Ciudad de M\u00e9xico Hoy 21 de marzo al igual que todos los a\u00f1os conmemoramos el d\u00eda Internacional de la Eliminaci\u00f3n de la Discriminaci\u00f3n Racial. Recordando que todos los seres humanos nacemos libres e iguales en dignidad y derechos.&nbsp; En M\u00e9xico los pueblos ind\u00edgenas enfrentan cotidianamente distintas formas de discriminaci\u00f3n. Pues en el &hellip;<\/p>\n<p class=\"read-more\"> <a class=\"\" href=\"http:\/\/xilotl.org.mx\/wp1\/recordando-que-todos-los-seres-humanos-nacemos-libres-e-iguales\/\"> <span class=\"screen-reader-text\">Recordando que todos los seres humanos nacemos libres e iguales<\/span> Leer m\u00e1s &raquo;<\/a><\/p>\n","protected":false},"author":3,"featured_media":1296,"comment_status":"open","ping_status":"open","sticky":false,"template":"","format":"standard","meta":{"site-sidebar-layout":"default","site-content-layout":"default","ast-global-header-display":"","ast-main-header-display":"","ast-hfb-above-header-display":"","ast-hfb-below-header-display":"","ast-hfb-mobile-header-display":"","site-post-title":"","ast-breadcrumbs-content":"","ast-featured-img":"","footer-sml-layout":"","theme-transparent-header-meta":"","adv-header-id-meta":"","stick-header-meta":"","header-above-stick-meta":"","header-main-stick-meta":"","header-below-stick-meta":"","footnotes":""},"categories":[23,1],"tags":[24],"class_list":["post-1294","post","type-post","status-publish","format-standard","has-post-thumbnail","hentry","category-conmemorativos","category-uncategorized","tag-ddhh"],"_links":{"self":[{"href":"http:\/\/xilotl.org.mx\/wp1\/wp-json\/wp\/v2\/posts\/1294"}],"collection":[{"href":"http:\/\/xilotl.org.mx\/wp1\/wp-json\/wp\/v2\/posts"}],"about":[{"href":"http:\/\/xilotl.org.mx\/wp1\/wp-json\/wp\/v2\/types\/post"}],"author":[{"embeddable":true,"href":"http:\/\/xilotl.org.mx\/wp1\/wp-json\/wp\/v2\/users\/3"}],"replies":[{"embeddable":true,"href":"http:\/\/xilotl.org.mx\/wp1\/wp-json\/wp\/v2\/comments?post=1294"}],"version-history":[{"count":4,"href":"http:\/\/xilotl.org.mx\/wp1\/wp-json\/wp\/v2\/posts\/1294\/revisions"}],"predecessor-version":[{"id":1301,"href":"http:\/\/xilotl.org.mx\/wp1\/wp-json\/wp\/v2\/posts\/1294\/revisions\/1301"}],"wp:featuredmedia":[{"embeddable":true,"href":"http:\/\/xilotl.org.mx\/wp1\/wp-json\/wp\/v2\/media\/1296"}],"wp:attachment":[{"href":"http:\/\/xilotl.org.mx\/wp1\/wp-json\/wp\/v2\/media?parent=1294"}],"wp:term":[{"taxonomy":"category","embeddable":true,"href":"http:\/\/xilotl.org.mx\/wp1\/wp-json\/wp\/v2\/categories?post=1294"},{"taxonomy":"post_tag","embeddable":true,"href":"http:\/\/xilotl.org.mx\/wp1\/wp-json\/wp\/v2\/tags?post=1294"}],"curies":[{"name":"wp","href":"https:\/\/api.w.org\/{rel}","templated":true}]}}