{"id":1272,"date":"2019-03-08T16:45:19","date_gmt":"2019-03-08T16:45:19","guid":{"rendered":"http:\/\/xilotl.org.mx\/wp1\/?p=1272"},"modified":"2022-08-16T13:05:44","modified_gmt":"2022-08-16T18:05:44","slug":"dia-internacional-de-la-mujer-acercamiento-a-la-reflexion","status":"publish","type":"post","link":"http:\/\/xilotl.org.mx\/wp1\/dia-internacional-de-la-mujer-acercamiento-a-la-reflexion\/","title":{"rendered":"8 de Marzo d\u00eda internacional de la mujer, acercamiento a la reflexi\u00f3n"},"content":{"rendered":"\t\t<div data-elementor-type=\"wp-post\" data-elementor-id=\"1272\" class=\"elementor elementor-1272\">\n\t\t\t\t\t\t\t\t\t<section class=\"elementor-section elementor-top-section elementor-element elementor-element-49fc362 elementor-section-boxed elementor-section-height-default elementor-section-height-default\" data-id=\"49fc362\" data-element_type=\"section\">\n\t\t\t\t\t\t<div class=\"elementor-container elementor-column-gap-default\">\n\t\t\t\t\t<div class=\"elementor-column elementor-col-100 elementor-top-column elementor-element elementor-element-aef3955\" data-id=\"aef3955\" data-element_type=\"column\">\n\t\t\t<div class=\"elementor-widget-wrap elementor-element-populated\">\n\t\t\t\t\t\t\t\t<div class=\"elementor-element elementor-element-1067c65 elementor-widget elementor-widget-heading\" data-id=\"1067c65\" data-element_type=\"widget\" data-widget_type=\"heading.default\">\n\t\t\t\t<div class=\"elementor-widget-container\">\n\t\t\t<style>\/*! elementor - v3.14.0 - 14-06-2023 *\/\n.elementor-heading-title{padding:0;margin:0;line-height:1}.elementor-widget-heading .elementor-heading-title[class*=elementor-size-]>a{color:inherit;font-size:inherit;line-height:inherit}.elementor-widget-heading .elementor-heading-title.elementor-size-small{font-size:15px}.elementor-widget-heading .elementor-heading-title.elementor-size-medium{font-size:19px}.elementor-widget-heading .elementor-heading-title.elementor-size-large{font-size:29px}.elementor-widget-heading .elementor-heading-title.elementor-size-xl{font-size:39px}.elementor-widget-heading .elementor-heading-title.elementor-size-xxl{font-size:59px}<\/style><h1 class=\"elementor-heading-title elementor-size-default\"><a href=\"http:\/\/xilotl.org.mx\/wp1\/dia-internacional-de-la-mujer-acercamiento-a-la-reflexion\/\">d\u00eda internacional de la mujer, acercamiento a la reflexi\u00f3n<\/a><\/h1>\t\t<\/div>\n\t\t\t\t<\/div>\n\t\t\t\t\t<\/div>\n\t\t<\/div>\n\t\t\t\t\t\t\t<\/div>\n\t\t<\/section>\n\t\t\t\t<section class=\"elementor-section elementor-top-section elementor-element elementor-element-20af4ef8 elementor-section-boxed elementor-section-height-default elementor-section-height-default\" data-id=\"20af4ef8\" data-element_type=\"section\">\n\t\t\t\t\t\t<div class=\"elementor-container elementor-column-gap-default\">\n\t\t\t\t\t<div class=\"elementor-column elementor-col-100 elementor-top-column elementor-element elementor-element-589d60a7\" data-id=\"589d60a7\" data-element_type=\"column\">\n\t\t\t<div class=\"elementor-widget-wrap elementor-element-populated\">\n\t\t\t\t\t\t\t\t<div class=\"elementor-element elementor-element-11b04de7 elementor-widget elementor-widget-text-editor\" data-id=\"11b04de7\" data-element_type=\"widget\" data-widget_type=\"text-editor.default\">\n\t\t\t\t<div class=\"elementor-widget-container\">\n\t\t\t<style>\/*! elementor - v3.14.0 - 14-06-2023 *\/\n.elementor-widget-text-editor.elementor-drop-cap-view-stacked .elementor-drop-cap{background-color:#69727d;color:#fff}.elementor-widget-text-editor.elementor-drop-cap-view-framed .elementor-drop-cap{color:#69727d;border:3px solid;background-color:transparent}.elementor-widget-text-editor:not(.elementor-drop-cap-view-default) .elementor-drop-cap{margin-top:8px}.elementor-widget-text-editor:not(.elementor-drop-cap-view-default) .elementor-drop-cap-letter{width:1em;height:1em}.elementor-widget-text-editor .elementor-drop-cap{float:left;text-align:center;line-height:1;font-size:50px}.elementor-widget-text-editor .elementor-drop-cap-letter{display:inline-block}<\/style>\t\t\t\t<!-- wp:columns {\"className\":\"has-2-columns\"} -->\n<div class=\"wp-block-columns has-2-columns\"><!-- wp:column -->\n<div class=\"wp-block-column\"><!-- wp:paragraph -->\n<p><\/p>\n<!-- \/wp:paragraph --><\/div>\n<!-- \/wp:column -->\n\n<!-- wp:column -->\n<div class=\"wp-block-column\"><!-- wp:paragraph {\"align\":\"right\",\"style\":{\"typography\":{\"fontSize\":14}}} -->\n<p class=\"has-text-align-right\" style=\"font-size:14px\"> Ciudad de M\u00e9xico, 08 de Marzo, 2019<\/p>\n<!-- \/wp:paragraph -->\n\n<!-- wp:paragraph {\"align\":\"right\",\"style\":{\"typography\":{\"fontSize\":14}}} -->\n<p class=\"has-text-align-right\" style=\"font-size:14px\">Guillermina S\u00e1nchez Ma\u00f1on <\/p>\n<!-- \/wp:paragraph --><\/div>\n<!-- \/wp:column --><\/div>\n<!-- \/wp:columns -->\n\n<!-- wp:columns {\"className\":\"has-2-columns\"} -->\n<div class=\"wp-block-columns has-2-columns\"><!-- wp:column -->\n<div class=\"wp-block-column\"><!-- wp:image {\"id\":1282} -->\n<figure class=\"wp-block-image\"><img loading=\"lazy\" decoding=\"async\" width=\"1024\" height=\"614\" src=\"http:\/\/xilotl.org.mx\/wp1\/wp-content\/uploads\/2019\/03\/IMG_0553-1024x614.png\" alt=\"\" class=\"wp-image-1282\" srcset=\"http:\/\/xilotl.org.mx\/wp1\/wp-content\/uploads\/2019\/03\/IMG_0553-1024x614.png 1024w, http:\/\/xilotl.org.mx\/wp1\/wp-content\/uploads\/2019\/03\/IMG_0553-300x180.png 300w, http:\/\/xilotl.org.mx\/wp1\/wp-content\/uploads\/2019\/03\/IMG_0553-768x461.png 768w, http:\/\/xilotl.org.mx\/wp1\/wp-content\/uploads\/2019\/03\/IMG_0553-462x277.png 462w, http:\/\/xilotl.org.mx\/wp1\/wp-content\/uploads\/2019\/03\/IMG_0553.png 2048w\" sizes=\"(max-width: 1024px) 100vw, 1024px\" \/><\/figure>\n<!-- \/wp:image --><\/div>\n<!-- \/wp:column -->\n\n<!-- wp:column -->\n<div class=\"wp-block-column\"><!-- wp:html -->\n<p style=\"text-align:justify\">En este D\u00eda internacional de la Mujer nos acercamos a reflexionar sobre los procesos de lucha de la mujer en pro de la igualdad, la justicia, la paz y el desarrollo.<\/p>\n<!-- \/wp:html -->\n\n<!-- wp:html -->\n<p style=\"text-align:justify\">Es por eso que debemos reconocer el papel de la mujer ind\u00edgena que constituye el eje de la cohesi\u00f3n familiar, la cual es la base comunitaria. La mujer ind\u00edgena es un sujeto que ha evolucionado al igual que el resto de la sociedad, para resistir y sobrevivir a los cambios.<\/p>\n<!-- \/wp:html --><\/div>\n<!-- \/wp:column --><\/div>\n<!-- \/wp:columns -->\n\n<!-- wp:html -->\n<p style=\"text-align:justify\">El lema de este a\u00f1o es <strong>&#8220;Pensemos en igualdad, construyamos con inteligencia, innovemos para el cambio&#8221;<\/strong>. Es por eso que una de las tareas de Xilot es dar herramientas y capacitaci\u00f3n en comunidades ind\u00edgenas para todas las otras \u00e1reas de trabajo, ya que es necesario considerar la equidad de g\u00e9nero como una acci\u00f3n integral e indispensable para el desarrollo de las mujeres mismas y de sus comunidades. Nos asegurarnos en mejorar las relaciones de g\u00e9nero, empoderar a las mujeres, impulsar acciones y pr\u00e1cticas para la inclusi\u00f3n de las mujeres. As\u00ed como construir una sociedad m\u00e1s equitativa y evitar la violencia contra las mujeres.<\/p>\n<!-- \/wp:html -->\t\t\t\t\t\t<\/div>\n\t\t\t\t<\/div>\n\t\t\t\t\t<\/div>\n\t\t<\/div>\n\t\t\t\t\t\t\t<\/div>\n\t\t<\/section>\n\t\t\t\t\t\t\t<\/div>\n\t\t","protected":false},"excerpt":{"rendered":"<p>d\u00eda internacional de la mujer, acercamiento a la reflexi\u00f3n Ciudad de M\u00e9xico, 08 de Marzo, 2019 Guillermina S\u00e1nchez Ma\u00f1on En este D\u00eda internacional de la Mujer nos acercamos a reflexionar sobre los procesos de lucha de la mujer en pro de la igualdad, la justicia, la paz y el desarrollo. Es por eso que debemos &hellip;<\/p>\n<p class=\"read-more\"> <a class=\"\" href=\"http:\/\/xilotl.org.mx\/wp1\/dia-internacional-de-la-mujer-acercamiento-a-la-reflexion\/\"> <span class=\"screen-reader-text\">8 de Marzo d\u00eda internacional de la mujer, acercamiento a la reflexi\u00f3n<\/span> Leer m\u00e1s &raquo;<\/a><\/p>\n","protected":false},"author":3,"featured_media":1281,"comment_status":"open","ping_status":"open","sticky":false,"template":"","format":"standard","meta":{"site-sidebar-layout":"default","site-content-layout":"default","ast-global-header-display":"","ast-main-header-display":"","ast-hfb-above-header-display":"","ast-hfb-below-header-display":"","ast-hfb-mobile-header-display":"","site-post-title":"disabled","ast-breadcrumbs-content":"","ast-featured-img":"","footer-sml-layout":"","theme-transparent-header-meta":"","adv-header-id-meta":"","stick-header-meta":"","header-above-stick-meta":"","header-main-stick-meta":"","header-below-stick-meta":"","footnotes":""},"categories":[3,1],"tags":[22,20,21],"class_list":["post-1272","post","type-post","status-publish","format-standard","has-post-thumbnail","hentry","category-derechos-humanos","category-uncategorized","tag-8demarzo","tag-mujeres","tag-mujeresindigenas"],"_links":{"self":[{"href":"http:\/\/xilotl.org.mx\/wp1\/wp-json\/wp\/v2\/posts\/1272"}],"collection":[{"href":"http:\/\/xilotl.org.mx\/wp1\/wp-json\/wp\/v2\/posts"}],"about":[{"href":"http:\/\/xilotl.org.mx\/wp1\/wp-json\/wp\/v2\/types\/post"}],"author":[{"embeddable":true,"href":"http:\/\/xilotl.org.mx\/wp1\/wp-json\/wp\/v2\/users\/3"}],"replies":[{"embeddable":true,"href":"http:\/\/xilotl.org.mx\/wp1\/wp-json\/wp\/v2\/comments?post=1272"}],"version-history":[{"count":12,"href":"http:\/\/xilotl.org.mx\/wp1\/wp-json\/wp\/v2\/posts\/1272\/revisions"}],"predecessor-version":[{"id":5870,"href":"http:\/\/xilotl.org.mx\/wp1\/wp-json\/wp\/v2\/posts\/1272\/revisions\/5870"}],"wp:featuredmedia":[{"embeddable":true,"href":"http:\/\/xilotl.org.mx\/wp1\/wp-json\/wp\/v2\/media\/1281"}],"wp:attachment":[{"href":"http:\/\/xilotl.org.mx\/wp1\/wp-json\/wp\/v2\/media?parent=1272"}],"wp:term":[{"taxonomy":"category","embeddable":true,"href":"http:\/\/xilotl.org.mx\/wp1\/wp-json\/wp\/v2\/categories?post=1272"},{"taxonomy":"post_tag","embeddable":true,"href":"http:\/\/xilotl.org.mx\/wp1\/wp-json\/wp\/v2\/tags?post=1272"}],"curies":[{"name":"wp","href":"https:\/\/api.w.org\/{rel}","templated":true}]}}