{"id":1232,"date":"2019-03-06T22:32:31","date_gmt":"2019-03-06T22:32:31","guid":{"rendered":"http:\/\/xilotl.org.mx\/wp1\/?p=1232"},"modified":"2022-08-22T09:06:30","modified_gmt":"2022-08-22T14:06:30","slug":"trabajo-con-infantes-en-comunidades-chiapas","status":"publish","type":"post","link":"http:\/\/xilotl.org.mx\/wp1\/trabajo-con-infantes-en-comunidades-chiapas\/","title":{"rendered":"Trabajo con infantes en comunidades (Chiapas)"},"content":{"rendered":"\t\t<div data-elementor-type=\"wp-post\" data-elementor-id=\"1232\" class=\"elementor elementor-1232\">\n\t\t\t\t\t\t\t\t\t<section class=\"elementor-section elementor-top-section elementor-element elementor-element-2280ade elementor-section-boxed elementor-section-height-default elementor-section-height-default\" data-id=\"2280ade\" data-element_type=\"section\">\n\t\t\t\t\t\t<div class=\"elementor-container elementor-column-gap-default\">\n\t\t\t\t\t<div class=\"elementor-column elementor-col-100 elementor-top-column elementor-element elementor-element-7a5de87\" data-id=\"7a5de87\" data-element_type=\"column\">\n\t\t\t<div class=\"elementor-widget-wrap elementor-element-populated\">\n\t\t\t\t\t\t\t\t<div class=\"elementor-element elementor-element-4b5add8 elementor-widget elementor-widget-heading\" data-id=\"4b5add8\" data-element_type=\"widget\" data-widget_type=\"heading.default\">\n\t\t\t\t<div class=\"elementor-widget-container\">\n\t\t\t<style>\/*! elementor - v3.14.0 - 14-06-2023 *\/\n.elementor-heading-title{padding:0;margin:0;line-height:1}.elementor-widget-heading .elementor-heading-title[class*=elementor-size-]>a{color:inherit;font-size:inherit;line-height:inherit}.elementor-widget-heading .elementor-heading-title.elementor-size-small{font-size:15px}.elementor-widget-heading .elementor-heading-title.elementor-size-medium{font-size:19px}.elementor-widget-heading .elementor-heading-title.elementor-size-large{font-size:29px}.elementor-widget-heading .elementor-heading-title.elementor-size-xl{font-size:39px}.elementor-widget-heading .elementor-heading-title.elementor-size-xxl{font-size:59px}<\/style><h1 class=\"elementor-heading-title elementor-size-default\"><a href=\"http:\/\/xilotl.org.mx\/wp1\/trabajo-con-infantes-en-comunidades-chiapas\/\">Trabajo con infantes en comunidades (Chiapas)<\/a><\/h1>\t\t<\/div>\n\t\t\t\t<\/div>\n\t\t\t\t\t<\/div>\n\t\t<\/div>\n\t\t\t\t\t\t\t<\/div>\n\t\t<\/section>\n\t\t\t\t<section class=\"elementor-section elementor-top-section elementor-element elementor-element-46d987a1 elementor-section-boxed elementor-section-height-default elementor-section-height-default\" data-id=\"46d987a1\" data-element_type=\"section\">\n\t\t\t\t\t\t<div class=\"elementor-container elementor-column-gap-default\">\n\t\t\t\t\t<div class=\"elementor-column elementor-col-100 elementor-top-column elementor-element elementor-element-179c324b\" data-id=\"179c324b\" data-element_type=\"column\">\n\t\t\t<div class=\"elementor-widget-wrap elementor-element-populated\">\n\t\t\t\t\t\t\t\t<div class=\"elementor-element elementor-element-6dc5a82b elementor-widget elementor-widget-text-editor\" data-id=\"6dc5a82b\" data-element_type=\"widget\" data-widget_type=\"text-editor.default\">\n\t\t\t\t<div class=\"elementor-widget-container\">\n\t\t\t<style>\/*! elementor - v3.14.0 - 14-06-2023 *\/\n.elementor-widget-text-editor.elementor-drop-cap-view-stacked .elementor-drop-cap{background-color:#69727d;color:#fff}.elementor-widget-text-editor.elementor-drop-cap-view-framed .elementor-drop-cap{color:#69727d;border:3px solid;background-color:transparent}.elementor-widget-text-editor:not(.elementor-drop-cap-view-default) .elementor-drop-cap{margin-top:8px}.elementor-widget-text-editor:not(.elementor-drop-cap-view-default) .elementor-drop-cap-letter{width:1em;height:1em}.elementor-widget-text-editor .elementor-drop-cap{float:left;text-align:center;line-height:1;font-size:50px}.elementor-widget-text-editor .elementor-drop-cap-letter{display:inline-block}<\/style>\t\t\t\t<!-- wp:paragraph -->\n<p>Se han creado y fomentado los espacios de di\u00e1logo entre\nni\u00f1as y ni\u00f1os para educar sobre el tema de violencia y derechos, adem\u00e1s de\nreflexionar sobre su identidad, autoestima, confianza, equidad e inclusi\u00f3n\naplic\u00e1ndolo a sus valores desde la perspectiva del buen vivir y la cultura\ntzeltal.<\/p>\n<!-- \/wp:paragraph -->\n\n<!-- wp:image {\"align\":\"center\",\"id\":1233} -->\n<div class=\"wp-block-image\"><figure class=\"aligncenter\"><img loading=\"lazy\" decoding=\"async\" width=\"1024\" height=\"633\" src=\"http:\/\/xilotl.org.mx\/wp1\/wp-content\/uploads\/2019\/03\/IMG_0812-2-1024x633.jpeg\" alt=\"\" class=\"wp-image-1233\" srcset=\"http:\/\/xilotl.org.mx\/wp1\/wp-content\/uploads\/2019\/03\/IMG_0812-2-1024x633.jpeg 1024w, http:\/\/xilotl.org.mx\/wp1\/wp-content\/uploads\/2019\/03\/IMG_0812-2-300x185.jpeg 300w, http:\/\/xilotl.org.mx\/wp1\/wp-content\/uploads\/2019\/03\/IMG_0812-2-768x475.jpeg 768w, http:\/\/xilotl.org.mx\/wp1\/wp-content\/uploads\/2019\/03\/IMG_0812-2-615x380.jpeg 615w\" sizes=\"(max-width: 1024px) 100vw, 1024px\" \/><figcaption>El equipo de Xilotl considera que para el crecimiento, desarrollo y bienestar de las comunidades el trabajo con ni\u00f1as y ni\u00f1os es una labor indispensable. <\/figcaption><\/figure><\/div>\n<!-- \/wp:image -->\n\n<!-- wp:columns {\"className\":\"has-2-columns\"} -->\n<div class=\"wp-block-columns has-2-columns\"><!-- wp:column -->\n<div class=\"wp-block-column\"><!-- wp:image {\"align\":\"center\",\"id\":1238,\"width\":383,\"height\":288} -->\n<div class=\"wp-block-image\"><figure class=\"aligncenter is-resized\"><img loading=\"lazy\" decoding=\"async\" src=\"http:\/\/xilotl.org.mx\/wp1\/wp-content\/uploads\/2019\/03\/IMG_0574-2-1024x768.jpeg\" alt=\"\" class=\"wp-image-1238\" width=\"383\" height=\"288\" srcset=\"http:\/\/xilotl.org.mx\/wp1\/wp-content\/uploads\/2019\/03\/IMG_0574-2-1024x768.jpeg 1024w, http:\/\/xilotl.org.mx\/wp1\/wp-content\/uploads\/2019\/03\/IMG_0574-2-300x225.jpeg 300w, http:\/\/xilotl.org.mx\/wp1\/wp-content\/uploads\/2019\/03\/IMG_0574-2-768x576.jpeg 768w, http:\/\/xilotl.org.mx\/wp1\/wp-content\/uploads\/2019\/03\/IMG_0574-2-615x461.jpeg 615w, http:\/\/xilotl.org.mx\/wp1\/wp-content\/uploads\/2019\/03\/IMG_0574-2.jpeg 2048w\" sizes=\"(max-width: 383px) 100vw, 383px\" \/><\/figure><\/div>\n<!-- \/wp:image -->\n\n<!-- wp:image {\"align\":\"center\",\"id\":1243,\"width\":385,\"height\":175} -->\n<div class=\"wp-block-image\"><figure class=\"aligncenter is-resized\"><img loading=\"lazy\" decoding=\"async\" src=\"http:\/\/xilotl.org.mx\/wp1\/wp-content\/uploads\/2019\/03\/IMG_0761-2-1-1024x465.jpeg\" alt=\"\" class=\"wp-image-1243\" width=\"385\" height=\"175\" srcset=\"http:\/\/xilotl.org.mx\/wp1\/wp-content\/uploads\/2019\/03\/IMG_0761-2-1-1024x465.jpeg 1024w, http:\/\/xilotl.org.mx\/wp1\/wp-content\/uploads\/2019\/03\/IMG_0761-2-1-300x136.jpeg 300w, http:\/\/xilotl.org.mx\/wp1\/wp-content\/uploads\/2019\/03\/IMG_0761-2-1-768x349.jpeg 768w, http:\/\/xilotl.org.mx\/wp1\/wp-content\/uploads\/2019\/03\/IMG_0761-2-1-615x279.jpeg 615w, http:\/\/xilotl.org.mx\/wp1\/wp-content\/uploads\/2019\/03\/IMG_0761-2-1.jpeg 2048w\" sizes=\"(max-width: 385px) 100vw, 385px\" \/><\/figure><\/div>\n<!-- \/wp:image --><\/div>\n<!-- \/wp:column -->\n\n<!-- wp:column -->\n<div class=\"wp-block-column\"><!-- wp:paragraph -->\n<p>Entre las diversas actividades que se han llevado a cabo,\nmencionamos las siguientes: <\/p>\n<!-- \/wp:paragraph -->\n\n<!-- wp:list -->\n<ul><li>eventos deportivos y culturales para la\nconvivencia, respeto, integraci\u00f3n entre ni\u00f1as y ni\u00f1os<\/li><li>Proyecci\u00f3n de videos sobre cuidado del ambiente\ny la paz<\/li><li>El arte (especialmente el dibujo) ha sido\nutilizado como un medio para que ni\u00f1as y ni\u00f1os expresen sus inquietudes y\nentiendan sus derechos. Tambi\u00e9n ha sido evidente c\u00f3mo han mostrado a trav\u00e9s de\ndibujos aspectos preocupantes de la violencia familiar y salud emocional.<\/li><li>Estimulaci\u00f3n y promoci\u00f3n de la paz y el respeto\na la dignidad humana, vislumbrando as\u00ed una mejor comunidad, adem\u00e1s del fomento\nde construcci\u00f3n y del uso de normas y reglas<\/li><li>La promoci\u00f3n de espacios para la reflexi\u00f3n a\ntrav\u00e9s de la diversi\u00f3n ha tenido una respuesta bastante positiva por parte de\nlas ni\u00f1as y ni\u00f1os contribuyendo as\u00ed a formar una sociedad m\u00e1s justa e\nimparcial, favoreciendo as\u00ed la calidad de vida.<\/li><\/ul>\n<!-- \/wp:list -->\n\n<!-- wp:paragraph -->\n<p>Estas actividades han funcionado como instrumentos para plasmar las ideas de las ni\u00f1as y ni\u00f1os, una herramienta l\u00fadica de alto valor para que se desinhiban y se expresen. <\/p>\n<!-- \/wp:paragraph --><\/div>\n<!-- \/wp:column --><\/div>\n<!-- \/wp:columns -->\t\t\t\t\t\t<\/div>\n\t\t\t\t<\/div>\n\t\t\t\t\t<\/div>\n\t\t<\/div>\n\t\t\t\t\t\t\t<\/div>\n\t\t<\/section>\n\t\t\t\t\t\t\t<\/div>\n\t\t","protected":false},"excerpt":{"rendered":"<p>Trabajo con infantes en comunidades (Chiapas) Se han creado y fomentado los espacios de di\u00e1logo entre ni\u00f1as y ni\u00f1os para educar sobre el tema de violencia y derechos, adem\u00e1s de reflexionar sobre su identidad, autoestima, confianza, equidad e inclusi\u00f3n aplic\u00e1ndolo a sus valores desde la perspectiva del buen vivir y la cultura tzeltal. Entre las &hellip;<\/p>\n<p class=\"read-more\"> <a class=\"\" href=\"http:\/\/xilotl.org.mx\/wp1\/trabajo-con-infantes-en-comunidades-chiapas\/\"> <span class=\"screen-reader-text\">Trabajo con infantes en comunidades (Chiapas)<\/span> Leer m\u00e1s &raquo;<\/a><\/p>\n","protected":false},"author":3,"featured_media":1233,"comment_status":"open","ping_status":"open","sticky":false,"template":"","format":"standard","meta":{"site-sidebar-layout":"default","site-content-layout":"default","ast-global-header-display":"","ast-main-header-display":"","ast-hfb-above-header-display":"","ast-hfb-below-header-display":"","ast-hfb-mobile-header-display":"","site-post-title":"disabled","ast-breadcrumbs-content":"","ast-featured-img":"","footer-sml-layout":"","theme-transparent-header-meta":"","adv-header-id-meta":"","stick-header-meta":"","header-above-stick-meta":"","header-main-stick-meta":"","header-below-stick-meta":"","footnotes":""},"categories":[3,17,1],"tags":[],"class_list":["post-1232","post","type-post","status-publish","format-standard","has-post-thumbnail","hentry","category-derechos-humanos","category-formacion-de-actores","category-uncategorized"],"_links":{"self":[{"href":"http:\/\/xilotl.org.mx\/wp1\/wp-json\/wp\/v2\/posts\/1232"}],"collection":[{"href":"http:\/\/xilotl.org.mx\/wp1\/wp-json\/wp\/v2\/posts"}],"about":[{"href":"http:\/\/xilotl.org.mx\/wp1\/wp-json\/wp\/v2\/types\/post"}],"author":[{"embeddable":true,"href":"http:\/\/xilotl.org.mx\/wp1\/wp-json\/wp\/v2\/users\/3"}],"replies":[{"embeddable":true,"href":"http:\/\/xilotl.org.mx\/wp1\/wp-json\/wp\/v2\/comments?post=1232"}],"version-history":[{"count":12,"href":"http:\/\/xilotl.org.mx\/wp1\/wp-json\/wp\/v2\/posts\/1232\/revisions"}],"predecessor-version":[{"id":6211,"href":"http:\/\/xilotl.org.mx\/wp1\/wp-json\/wp\/v2\/posts\/1232\/revisions\/6211"}],"wp:featuredmedia":[{"embeddable":true,"href":"http:\/\/xilotl.org.mx\/wp1\/wp-json\/wp\/v2\/media\/1233"}],"wp:attachment":[{"href":"http:\/\/xilotl.org.mx\/wp1\/wp-json\/wp\/v2\/media?parent=1232"}],"wp:term":[{"taxonomy":"category","embeddable":true,"href":"http:\/\/xilotl.org.mx\/wp1\/wp-json\/wp\/v2\/categories?post=1232"},{"taxonomy":"post_tag","embeddable":true,"href":"http:\/\/xilotl.org.mx\/wp1\/wp-json\/wp\/v2\/tags?post=1232"}],"curies":[{"name":"wp","href":"https:\/\/api.w.org\/{rel}","templated":true}]}}